{"id":146,"date":"2012-12-23T13:55:00","date_gmt":"2012-12-23T13:55:00","guid":{"rendered":"http:\/\/thebootstrapthemes.com\/demo\/restaurant_bootstrap\/?p=1"},"modified":"2024-05-29T13:55:05","modified_gmt":"2024-05-29T13:55:05","slug":"hello-world-2","status":"publish","type":"post","link":"https:\/\/temizcevre.org\/?p=146","title":{"rendered":"TEM\u0130Z \u00c7EVRE DERNE\u011e\u0130 23 ARALIK 2012 G\u00dcNL\u00dc TOPLANTI NOTLARI"},"content":{"rendered":"\n<p>23.12.2012 g\u00fcn\u00fc saat 10.00\u2019da Antalya Akvaryum\u2019da bulunan De\u011firmen Kahvalt\u0131 Salonunda hava muhalefetine ra\u011fmen geni\u015f kat\u0131l\u0131ml\u0131 olarak bulu\u015fuldu.<\/p>\n\n\n\n<p>Fikret \u00d6zayd\u0131n ta\u015f ocaklar\u0131 ile ilgili olarak Orman B\u00f6lge M\u00fcd\u00fcrl\u00fc\u011f\u00fc ile yapm\u0131\u015f oldu\u011fu g\u00f6r\u00fc\u015fmeyi aktard\u0131. Orman sahas\u0131nda bulunan ta\u015f ocaklar\u0131n\u0131n denetimlerinin \u015feflikler marifeti ile yap\u0131ld\u0131\u011f\u0131 ve ger\u00e7ekte de hi\u00e7bir denetimin bulunmad\u0131\u011f\u0131 anla\u015f\u0131ld\u0131. T\u00fcm \u00fcyelerin g\u00f6rd\u00fckleri t\u00fcm ta\u015f ocaklar\u0131n\u0131 foto\u011fraflamalar\u0131, gidip geldikleri g\u00fczergahlardaki ocaklar\u0131 olabildi\u011fince mekan yerinin belirleyerek dikkatle incelemeleri ve sonu\u00e7lar\u0131n\u0131 bildirmeleri konusunda karar al\u0131nd\u0131. Bu konuda yap\u0131lan tespitlerin yaz\u0131l\u0131 olarak ilgili mercilere \u015fikayet edilmesi konusunda g\u00f6r\u00fc\u015f birli\u011fine var\u0131ld\u0131.<\/p>\n\n\n\n<p>Mustafa \u015een s\u00f6z alarak; bizzat valilik makam\u0131n\u0131n dahi ta\u015f ocaklar\u0131na kar\u015f\u0131 \u00e7\u0131kt\u0131\u011f\u0131n\u0131, ancak bakanl\u0131\u011f\u0131n izin vermesi nedeniyle engellemeler ile kar\u015f\u0131la\u015f\u0131ld\u0131\u011f\u0131n\u0131, ancak kum derelerdeki kum ocaklar\u0131n\u0131n kapat\u0131lmas\u0131 konusunda ba\u015far\u0131l\u0131 olunabildi\u011fini belirtti.<\/p>\n\n\n\n<p>\u00c7etin Topa\u00e7 s\u00f6z alarak Kent Konseyi toplant\u0131s\u0131n\u0131n \u00f6zet bilgilerini sundu. \u00d6zellikle Antalya\u2019da yap\u0131lan sera \u00fcretiminde yo\u011fun olarak gerek zararl\u0131 mantarlar, gerekse b\u00f6cekler ve di\u011fer bitki hastal\u0131klar\u0131 ile m\u00fccadele i\u00e7in \u00e7ok yo\u011fun kimyasal kullan\u0131ld\u0131\u011f\u0131n\u0131n tespit edildi\u011fini belirtti. D\u00fcnya Sa\u011fl\u0131k \u00d6rg\u00fct\u00fc\u2019n\u00fcn yapt\u0131\u011f\u0131 s\u0131n\u0131fland\u0131rmada en \u00e7ok kullan\u0131lan 700 dolay\u0131ndaki tar\u0131m ilac\u0131n\u0131n %33\u2019n\u00fcn\u00fcn insan sa\u011fl\u0131\u011f\u0131na \u00e7ok zararl\u0131, %48\u2019inin olduk\u00e7a tehlikeli grupta yer ald\u0131\u011f\u0131n\u0131n tespit edildi\u011fini, ge\u00e7en y\u0131l Kumluca\u2019da 600 ton tar\u0131msal ilac\u0131n kullan\u0131ld\u0131\u011f\u0131n\u0131n belirlendi\u011fini a\u00e7\u0131klad\u0131.<\/p>\n\n\n\n<p>Mustafa \u015fen s\u00f6z alarak; sistemik etkili yani bitkisinin sitemine etki eden ila\u00e7lar\u0131n \u00e7ok tehlikeli oldu\u011funu, Antalya\u2019da y\u0131lda toplamda 4.500 ton tar\u0131msal ila\u00e7 t\u00fcketildi\u011fini, bunun kabul edilebilir \u00f6l\u00e7ekten \u00e7ok fazla oldu\u011funu, organik tar\u0131m ad\u0131 alt\u0131nda yap\u0131lan \u00fcretimlerin ise kand\u0131rmaca oldu\u011funu, organik tar\u0131m i\u00e7in karayolundan ve kimyasal \u00fcretim yap\u0131lan alandan en az5 kmmesafede, ila\u00e7lanmam\u0131\u015f topraklarda \u00fcretim yap\u0131lmas\u0131n\u0131 gerekti\u011fini, bunun bu ko\u015fullarda m\u00fcmk\u00fcn olmad\u0131\u011f\u0131n\u0131n alt\u0131n\u0131 \u00e7izdi. Ayr\u0131ca baz\u0131 ila\u00e7lar\u0131n Amerika\u2019da yasaklanmas\u0131na ra\u011fmen T\u00fcrkiye taraf\u0131ndan ithal edildi\u011fini, T\u00fcrkiye\u2019de yasaklamalar\u0131n ancak iki y\u0131ll\u0131k bir s\u00fcre\u00e7 sonunda ger\u00e7ekle\u015febildi\u011fini belirtti.<\/p>\n\n\n\n<p>\u00c7etin Topa\u00e7 s\u00f6ze devamla; meyve ve sebzelerin kurtlu olanlar\u0131n\u0131n se\u00e7ilmesinin, dayan\u0131kl\u0131 kutu meyve sular\u0131n\u0131n t\u00fcketilmemesinin, haz\u0131r yemeklerle beslenen hayvanlar\u0131n t\u00fcketilmemesinin, \u00f6zellikle yemlerde bulunan zararl\u0131 kimyasallar\u0131n en kolay yumurtadan ge\u00e7ti\u011finin bilinmesinin gerekti\u011finin a\u00e7\u0131kland\u0131\u011f\u0131n\u0131 belirtti (Baz\u0131 \u00fcyelerimiz bu durumda a\u00e7 ya\u015famay\u0131 \u00f6\u011frenmenin gerekti\u011fini belirttiler).<\/p>\n\n\n\n<p>Tuba Kartal s\u00f6z alarak; Korkuteli Devlet Hastanesinde radyolog olarak \u00e7al\u0131\u015ft\u0131\u011f\u0131 d\u00f6nemde sakat bebekli gebelikler ile ilgili yapm\u0131\u015f olduklar\u0131 g\u00f6zlemlerde; sakat bebek annelerinin mantarhanelerde ve elma hasad\u0131 i\u015flerinde \u00e7al\u0131\u015ft\u0131klar\u0131n\u0131, \u00f6zellikle mantarhanelerde yap\u0131lan \u00fcretimlerin tamam\u0131n\u0131n kimyasal ila\u00e7larla yap\u0131ld\u0131klar\u0131n\u0131, \u00f6zellikle beyazlatmak i\u00e7in \u00e7ama\u015f\u0131r suyu dahi kullan\u0131ld\u0131\u011f\u0131n\u0131, mantar t\u00fcketilmesinin pek de do\u011fru olmad\u0131\u011f\u0131n\u0131 d\u00fc\u015f\u00fcnd\u00fc\u011f\u00fcn\u00fc belirtti. Yine elma i\u015f\u00e7ilerinin b\u00f6cekle m\u00fccadelede kulland\u0131klar\u0131 zehirli ila\u00e7lar\u0131n sakat bebekli gebeliklere yol a\u00e7abilece\u011finden \u015f\u00fcphelendiklerini a\u00e7\u0131klad\u0131.<\/p>\n\n\n\n<p>Mutlu Kartal s\u00f6z alarak; kullan\u0131lan kimyasallar\u0131n insan v\u00fccuduna etkisi konusunda ciddi bir \u00e7al\u0131\u015fma olmad\u0131\u011f\u0131n\u0131 yine geneti\u011fi de\u011fi\u015ftirilmi\u015f \u00fcr\u00fcnler ile ilgili olarak her hangi bir bilimsel ara\u015ft\u0131rmaya rastlayamad\u0131\u011f\u0131n\u0131 belirtti. Ancak Tar\u0131m Sigortalar\u0131 Merkezi (TARS\u0130M) i\u015fbirli\u011fi ile iyi tar\u0131m uygulamalar\u0131 ad\u0131 alt\u0131nda \u00e7al\u0131\u015fmalar\u0131n yap\u0131ld\u0131\u011f\u0131n\u0131, ihra\u00e7 \u00fcr\u00fcnlerinde laboratuarlarda denetim yap\u0131ld\u0131\u011f\u0131n\u0131 belirtti.<\/p>\n\n\n\n<p>Polat Sadak s\u00f6z alarak; n\u00fckleer santral toplant\u0131s\u0131ndaki g\u00f6r\u00fc\u015fmeleri \u00f6zetledi (Bu konudaki raporu daha \u00f6nce \u00fcyelerimize g\u00f6nderilmi\u015fti), ayr\u0131ca T\u00fcrkiye Atom Enerjisi kurulunun internet sitesinde radyasyon \u00f6l\u00e7\u00fcmlerinin d\u00fczenli olarak yay\u0131nland\u0131\u011f\u0131n\u0131 belirtti.<\/p>\n\n\n\n<p>Mutlu Kartal; Japonya\u2019da t\u00fcm n\u00fckleer santralar\u0131n kapat\u0131ld\u0131\u011f\u0131n\u0131, Almanya\u2019da 2022 y\u0131l\u0131na kadar faaliyetinin durduruldu\u011funu, T\u00fcrkiye\u2019de n\u00fckleer at\u0131klar\u0131n dahi do\u011frudan \u00e7\u00f6pe at\u0131ld\u0131\u011f\u0131n\u0131, n\u00fckleer santrale kesinlikle kar\u015f\u0131 olunmas\u0131 gerekti\u011fini belirtti.<\/p>\n\n\n\n<p>Corpus\u2019tan Aysu Han\u0131m derne\u011fin web sayfas\u0131 i\u00e7in t\u00fcm \u00e7evre ile ilgili kanunlar\u0131 toparlayan bir \u00e7al\u0131\u015fma yap\u0131laca\u011f\u0131n\u0131, bunun i\u00e7in bir bedel al\u0131nmayaca\u011f\u0131n\u0131, derne\u011fe katk\u0131 i\u00e7in olaca\u011f\u0131n\u0131 belirtti, sevin\u00e7le kar\u015f\u0131land\u0131.<\/p>\n\n\n\n<p>Dernek sayfas\u0131n\u0131n ziyaret edilmesi i\u00e7in b\u00fct\u00fcn arkada\u015flar tekrar uyar\u0131ld\u0131.<\/p>\n\n\n\n<p>Veteriner Mehmet Bey 2004 y\u0131l\u0131nda kabul edilen hayvan haklar\u0131 ile ilgili yasada yap\u0131lacak de\u011fi\u015fikliklere dikkat \u00e7ekerek bu hususta geri ad\u0131m at\u0131lmak istendi\u011fini ve buna izin verilmemesi gerekti\u011fini, t\u00fcm \u00e7evre \u00f6rg\u00fctlerinin duyarl\u0131 davranarak tepki vermesi gerekti\u011fini a\u00e7\u0131klad\u0131.<\/p>\n\n\n\n<p>Mesut Asanakut; B\u00fcy\u00fck\u015fehir Belediyesi Yasas\u0131 ile getirilen de\u011fi\u015fiklik ile belediyelerin t\u00fcm yat\u0131r\u0131m ve finans sisteminin Valiliklerin yat\u0131r\u0131m Koordinasyon Kurullar\u0131 vas\u0131tas\u0131 ile \u0130\u00e7i\u015fleri Bakanl\u0131\u011f\u0131n\u0131n denetim ve iznine tabi hale geldi\u011fini, demokratikle\u015fme ya da federalle\u015fmeden \u00e7ok merkezi otoriteyi g\u00fc\u00e7lendiren bir yap\u0131n\u0131n getirildi\u011fini a\u00e7\u0131klad\u0131.<\/p>\n\n\n\n<p>Fatih Vural K\u00fct\u00fck, derne\u011fimiz i\u00e7in ayl\u0131k 150.-TL + stopaj olmak \u00fczere d\u00fckkan kiraland\u0131\u011f\u0131n\u0131, her hafta \u00fc\u00e7 g\u00fcn saat 10.00 ile 15.00 aras\u0131nda a\u00e7\u0131k tutulmas\u0131 i\u00e7in bir sistem olu\u015fturulmas\u0131 gerekti\u011fini belirtti. Nermin Demir haftada bir g\u00fcn a\u00e7\u0131k tutmaya g\u00f6n\u00fcll\u00fc oldu\u011funu belirtti ve t\u00fcm \u00fcyeler taraf\u0131ndan memnuniyetle kar\u015f\u0131land\u0131. Gerekli \u00e7al\u0131\u015fma organizasyonunun yap\u0131lmas\u0131na karar verildi.<\/p>\n\n\n\n<p>Gelecek toplant\u0131n\u0131n 27.01.2012 saat 10.00\u2019da yine kahvalt\u0131 ile birlikte yap\u0131lmas\u0131na karar verildi. Yusuf Demir taraf\u0131ndan geleneksel grup foto\u011fraf\u0131 \u00e7ekildi. Yeniden g\u00f6r\u00fc\u015fmek dile\u011fi ile toplant\u0131ya son verildi.<\/p>\n\n\n\n<p>Bilginize sunulur.<\/p>\n\n\n\n<p>Remziye Kartal Rosenblat<\/p>\n","protected":false},"excerpt":{"rendered":"<p>23.12.2012 g\u00fcn\u00fc saat 10.00\u2019da Antalya Akvaryum\u2019da bulunan De\u011firmen Kahvalt\u0131 Salonunda hava muhalefetine ra\u011fmen geni\u015f kat\u0131l\u0131ml\u0131 olarak bulu\u015fuldu. Fikret \u00d6zayd\u0131n ta\u015f ocaklar\u0131 ile ilgili olarak Orman B\u00f6lge M\u00fcd\u00fcrl\u00fc\u011f\u00fc ile yapm\u0131\u015f oldu\u011fu g\u00f6r\u00fc\u015fmeyi aktard\u0131. Orman sahas\u0131nda bulunan ta\u015f ocaklar\u0131n\u0131n denetimlerinin \u015feflikler marifeti ile yap\u0131ld\u0131\u011f\u0131 ve ger\u00e7ekte de hi\u00e7bir denetimin bulunmad\u0131\u011f\u0131 anla\u015f\u0131ld\u0131. T\u00fcm \u00fcyelerin g\u00f6rd\u00fckleri t\u00fcm ta\u015f ocaklar\u0131n\u0131&#8230;<\/p>\n","protected":false},"author":1,"featured_media":236,"comment_status":"closed","ping_status":"closed","sticky":false,"template":"","format":"standard","meta":{"magazine_newspaper_sidebar_layout":"","footnotes":""},"categories":[11],"tags":[],"class_list":["post-146","post","type-post","status-publish","format-standard","has-post-thumbnail","hentry","category-toplanti-kararlari"],"_links":{"self":[{"href":"https:\/\/temizcevre.org\/index.php?rest_route=\/wp\/v2\/posts\/146","targetHints":{"allow":["GET"]}}],"collection":[{"href":"https:\/\/temizcevre.org\/index.php?rest_route=\/wp\/v2\/posts"}],"about":[{"href":"https:\/\/temizcevre.org\/index.php?rest_route=\/wp\/v2\/types\/post"}],"author":[{"embeddable":true,"href":"https:\/\/temizcevre.org\/index.php?rest_route=\/wp\/v2\/users\/1"}],"replies":[{"embeddable":true,"href":"https:\/\/temizcevre.org\/index.php?rest_route=%2Fwp%2Fv2%2Fcomments&post=146"}],"version-history":[{"count":2,"href":"https:\/\/temizcevre.org\/index.php?rest_route=\/wp\/v2\/posts\/146\/revisions"}],"predecessor-version":[{"id":274,"href":"https:\/\/temizcevre.org\/index.php?rest_route=\/wp\/v2\/posts\/146\/revisions\/274"}],"wp:featuredmedia":[{"embeddable":true,"href":"https:\/\/temizcevre.org\/index.php?rest_route=\/wp\/v2\/media\/236"}],"wp:attachment":[{"href":"https:\/\/temizcevre.org\/index.php?rest_route=%2Fwp%2Fv2%2Fmedia&parent=146"}],"wp:term":[{"taxonomy":"category","embeddable":true,"href":"https:\/\/temizcevre.org\/index.php?rest_route=%2Fwp%2Fv2%2Fcategories&post=146"},{"taxonomy":"post_tag","embeddable":true,"href":"https:\/\/temizcevre.org\/index.php?rest_route=%2Fwp%2Fv2%2Ftags&post=146"}],"curies":[{"name":"wp","href":"https:\/\/api.w.org\/{rel}","templated":true}]}}