{"id":148,"date":"2012-11-25T13:55:00","date_gmt":"2012-11-25T13:55:00","guid":{"rendered":"http:\/\/thebootstrapthemes.com\/demo\/magazine-newspaper\/?p=26"},"modified":"2024-05-29T13:55:24","modified_gmt":"2024-05-29T13:55:24","slug":"drag-drop-wordpress-theme","status":"publish","type":"post","link":"https:\/\/temizcevre.org\/?p=148","title":{"rendered":"TEM\u0130Z \u00c7EVRE DERNE\u011e\u0130 25.11.2012 G\u00dcNL\u00dc TOPLANTI NOTLARI"},"content":{"rendered":"<p>TEM\u0130Z \u00c7EVRE DERNE\u011ei\u00a0\u00a025.11.2012 G\u00dcNL\u00dc TOPLANTI NOTLARI<\/p>\n<p>25.11.2012 g\u00fcn\u00fc saat 10.00\u2019da Atat\u00fcrk K\u00fclt\u00fcr Park\u0131 i\u00e7erisindeki Yenge\u00e7 Cafe\u2019de kahvalt\u0131da bulu\u015fuldu. Fatih Vural K\u00fct\u00fck her zamanki gibi lezzetli simitler ile geldi. Tezah\u00fcrat yine b\u00fcy\u00fckt\u00fc. Mekan \u00e7ok g\u00fczeldi.<\/p>\n<p>Ba\u015fkan Remziye Kartal a\u00e7\u0131l\u0131\u015f yapt\u0131. Ta\u015f-mermer ocaklar\u0131 hakk\u0131nda yap\u0131lan bilgilendirmede:<\/p>\n<p>\u2013 Enerji ve Taibi Kaynaklar Bakanl\u0131\u011f\u0131 Maden \u0130\u015fleri Genel M\u00fcd\u00fcrl\u00fc\u011f\u00fcn\u00fcn maden \u00e7\u0131karma ruhsat\u0131n\u0131 verdi\u011fini, 13 ayr\u0131 kurumdan izin al\u0131nd\u0131\u011f\u0131n\u0131, ancak kurumlar\u0131n formalite oldu\u011funu, yaln\u0131zca Tar\u0131m \u0130l M\u00fcd\u00fcrl\u00fckleri ile Orman M\u00fcd\u00fcrl\u00fcklerinin ciddi olarak incelemelerinin oldu\u011funu, ancak \u00f6zel sekt\u00f6r\u00fcn her t\u00fcrl\u00fc bo\u015flu\u011fu de\u011ferlendirdi\u011fini ve \u00e7ok kez bu kurumlar\u0131 da a\u015ft\u0131\u011f\u0131n\u0131 a\u00e7\u0131klad\u0131. Maden ruhsat\u0131 al\u0131nd\u0131ktan sonra i\u015fletme ruhsat\u0131n\u0131n eski \u00d6zel \u0130dare yeni ismi kentsel vs. olan ve valili\u011fe ba\u011fl\u0131 \u00c7evre Koruma ve Kontrol Daire Ba\u015fkanl\u0131\u011f\u0131 taraf\u0131ndan verildi\u011fini, bu kurumun maden \u00e7\u0131karma ruhsat\u0131 olan \u015firketlere i\u015fletme izni verirken ancak i\u015fletme ko\u015fullar\u0131na bak\u0131ld\u0131\u011f\u0131n\u0131 belirtti. \u0130\u015fletme ruhsat\u0131 biriminin;\u00a0 maden \u00e7\u0131karma iznini bakanl\u0131\u011f\u0131n harita \u00fczerinden verdi\u011fi ve yerel ko\u015fullar\u0131 de\u011ferlendirmedi\u011fi i\u00e7in \u015fikayetci oldu\u011funu, yerel y\u00f6netime yani B\u00fcy\u00fck\u015fehir Belediyelerinin kontrol\u00fcne verilmesi halinde maden \u00e7\u0131karma izninin denetiminin daha kolay olabilece\u011finin \u00f6nerildi\u011fini belirtti.<\/p>\n<p>&nbsp;<\/p>\n<p>\u2013 5000.-m3\u2019\u00fcn alt\u0131ndaki \u00fcretimlerde \u00c7evresel Etki de\u011ferlendirme (\u00c7ED) raporu istenmedi\u011fi i\u00e7in b\u00fcy\u00fck bo\u015fluk olu\u015ftu\u011funu ve pek \u00e7ok yerde ancak i\u015f makineleri geldi\u011finde vatanda\u015f\u0131n haberi oldu\u011funu, tepki ve \u00f6nlemler al\u0131nana kadar da her yerin delik de\u015fik hale geldi\u011fini, \u00c7evresel Etki ve De\u011ferlendirme Y\u00f6netmeli\u011fine ek madde konularak 5.000.-m3 alt\u0131nda da olsa her t\u00fcrl\u00fc maden ruhsat\u0131 i\u00e7in raporun al\u0131nmas\u0131 halinde denetimin m\u00fcmk\u00fcn olabilece\u011fini a\u00e7\u0131klad\u0131.<\/p>\n<p>&nbsp;<\/p>\n<p>\u2013 Ancak pek \u00e7ok alandaki maden ruhsat\u0131n\u0131n ormana ait sahadan verildi\u011fi i\u00e7in Orman \u0130\u015fletme M\u00fcd\u00fcrl\u00fc\u011f\u00fcn\u00fcn \u201colmaz\u201d demesi halinde kestirmeden de sorunun \u00e7\u00f6z\u00fcmlenebilece\u011fini, ancak bu konuda dernek olarak bir bilgilenme \u00e7al\u0131\u015fmas\u0131ndan sonra gerekli giri\u015fimlerin yap\u0131lmas\u0131n\u0131 belirtti.<\/p>\n<p>&nbsp;<\/p>\n<p>\u2013 Daha \u00f6nce dere yataklar\u0131na verilen ruhsatlar\u0131n olu\u015fan sivil bask\u0131 sayesinde \u00f6zellikle k\u00f6ylerde halk\u0131n ve muhtarlar\u0131n \u015fikayetleri sonucunda art\u0131k verilmedi\u011fini ve yasak oldu\u011funu, Orman B\u00f6lge M\u00fcd\u00fcrl\u00fc\u011f\u00fcne derne\u011fi temsilen ziyaret edip bir g\u00f6r\u00fc\u015fme yap\u0131lmas\u0131n\u0131 \u00f6nerdi.<\/p>\n<p>\u2013 Antalya \u00c7evre Koruma ve Kontrol Daire Ba\u015fkan\u0131 ile yapt\u0131\u011f\u0131 g\u00f6r\u00fc\u015fmede edindi\u011fi bilgiye g\u00f6re; Orman Bakanl\u0131\u011f\u0131n\u0131n maden ruhsat\u0131 ve i\u015fletme izni al\u0131n\u0131rken a\u011fa\u00e7 bedeli ald\u0131\u011f\u0131n\u0131, 23.07.2007 TAR\u0130H VE 26470 SAYILI Resmi Gazetede yay\u0131nlanan \u201cORMAN SAYILAN ALANLARDA VER\u0130LECEK \u0130Z\u0130NLER HAKKINDA Y\u00d6NETMEL\u0130K\u201d h\u00fck\u00fcmlerinin 13.maddesinde maden aramas\u0131 yap\u0131lan sahalalar\u0131n\u0131n d\u00fczeltilmesi ile ilgili zorunluluk bulundu\u011funu ancak bunun uygulamaya neden konulamad\u0131\u011f\u0131na ili\u015fkin olarak yine Orman B\u00f6lge M\u00fcd\u00fcrl\u00fc\u011f\u00fcnden bilgi al\u0131nmas\u0131n\u0131 \u00f6nerdiklerini a\u00e7\u0131klad\u0131.<\/p>\n<p><strong>\u00a0\u00a0\u00a0\u00a0\u00a0\u00a0\u00a0\u00a0\u00a0\u00a0\u00a0 \u201c\u00a0Petrol ve maden tesis izinlerinden al\u0131nacak bedeller<\/strong><\/p>\n<p><strong>\u00a0\u00a0\u00a0\u00a0\u00a0\u00a0\u00a0\u00a0\u00a0\u00a0\u00a0\u00a0\u00a0MADDE 13 \u2013<\/strong>\u00a0(1) Petrol ruhsatl\u0131 sahalarda yap\u0131lacak tesis izinlerinden;<\/p>\n<p>a) A\u011fa\u00e7land\u0131rma bedeli,<\/p>\n<p>b) Bu Y\u00f6netmeli\u011fin 60\u00a0\u0131nc\u0131\u00a0maddesinin birinci f\u0131kras\u0131n\u0131n (b) bendinin (1) numaral\u0131 alt bendinde belirtildi\u011fi \u015fekilde arazi izin bedeli,<\/p>\n<p>c) Orman k\u00f6yl\u00fcleri kalk\u0131nd\u0131rma geliri,<\/p>\n<p>\u00e7) A\u011fa\u00e7land\u0131rma ve erozyon kontrol\u00fc geliri<\/p>\n<p>al\u0131n\u0131r.<\/p>\n<p>(2) Maden ruhsatl\u0131 sahalarda yap\u0131lacak tesis izinlerinden; a\u011fa\u00e7land\u0131rma bedeli al\u0131n\u0131r. Ayr\u0131ca;<\/p>\n<p>a) Bir ruhsat sahas\u0131 i\u00e7erisinde\u00a0muvafakat\u0131\u00a0ve izni devam eden arama, i\u015fletme ve tesis izin sahalar\u0131n\u0131n toplam\u0131n\u0131n be\u015f hektar\u0131\u00a0ge\u00e7mesi\u00a0halinde ge\u00e7en k\u0131s\u0131m i\u00e7in, bu Y\u00f6netmeli\u011fin 60\u00a0\u0131nc\u0131\u00a0maddesinin birinci f\u0131kras\u0131n\u0131n (b) bendinin (1) numaral\u0131 alt bendinde belirtildi\u011fi \u015fekilde arazi izin bedeli,<\/p>\n<p>b) Her t\u00fcrl\u00fc altyap\u0131 tesis izinleri ile bir ruhsat sahas\u0131 d\u0131\u015f\u0131nda daha \u00f6nce verilmi\u015f tesis izinlerinden bu Y\u00f6netmeli\u011fin 60\u00a0\u0131nc\u0131\u00a0maddesinin birinci f\u0131kras\u0131n\u0131n (b) bendinin (1) numaral\u0131 alt bendinde belirtildi\u011fi \u015fekilde be\u015f hektar k\u0131s\u0131tlamas\u0131 aranmaks\u0131z\u0131n arazi izin bedeli,<\/p>\n<p>al\u0131n\u0131r.<\/p>\n<p>(3) M\u00fcteakip y\u0131llara ait arazi izin bedelleri Devlet Planlama Te\u015fkilat\u0131nca her y\u0131l belirlenen\u00a0deflat\u00f6r\u00a0katsay\u0131s\u0131n\u0131n bir \u00f6nceki y\u0131l arazi izin bedeli ile \u00e7arp\u0131m\u0131 sonucu bulunacak miktar\u0131n \u00f6nceki y\u0131l arazi izin bedeline ilavesi suretiyle tespit edilerek, olur tarihi esas al\u0131narak her y\u0131l tahsil edilir.\u201d<\/p>\n<p>&nbsp;<\/p>\n<p>\u2013\u00a0\u00a0\u00a0\u00a0\u00a0\u00a0\u00a0\u00a0 Maden sahalar\u0131na gidip-gelen a\u011f\u0131r tonajl\u0131 ara\u00e7lar\u0131n k\u00f6y yollar\u0131n\u0131, yine orman<\/p>\n<p>yollar\u0131n\u0131 harap etti\u011finin g\u00f6zlemlendi\u011fini, ara\u00e7lar\u0131n tonaj kontrol\u00fcn\u00fcn \u00d6zel \u0130darenin yetkisi alt\u0131nda iken has\u0131ralt\u0131 edildi\u011fini, bu konuda t\u00fcm ba\u011flant\u0131 noktalar\u0131na tonaj kontrol\u00fc i\u00e7in kantarlar\u0131n konulmas\u0131 konusunda da ilgili mercilerin uyar\u0131lmas\u0131 gerekti\u011fini belirtti.<\/p>\n<p>&nbsp;<\/p>\n<p>\u2013\u00a0\u00a0\u00a0\u00a0\u00a0\u00a0\u00a0\u00a0 \u00c7ok k\u00fc\u00e7\u00fck bir k\u0131sm\u0131n menfaati i\u00e7in \u00f6zellikle yak\u0131n \u00e7evrede Kumluca, Finike,<\/p>\n<p>Korkuteli-K\u0131z\u0131lcada\u011f\u00a0 B\u00f6lgelerinden s\u00f6zl\u00fc olarak \u00e7ok yak\u0131nma bulundu\u011funu, herkesin durumu g\u00f6rmesine ra\u011fmen yaz\u0131l\u0131 ba\u015fvuruda bulunmad\u0131klar\u0131n\u0131 ancak derne\u011fin 2012-2013 y\u0131l\u0131 g\u00fcndeminde bu hususun de\u011ferlendirilmesinin zorunlulu\u011funu anlatt\u0131.<\/p>\n<p>&nbsp;<\/p>\n<p>Mustafa \u015een s\u00f6z alarak; yeni y\u00fcr\u00fcrl\u00fc\u011fe giren B\u00fcy\u00fck\u015fehir Belediyesi yasas\u0131 nedeniyle idari yap\u0131n\u0131n de\u011fi\u015fece\u011fini, bu yasay\u0131 olumlu olarak de\u011ferlendirdi\u011fini, belediyenin g\u00fcc\u00fcn\u00fcn valilik il s\u0131n\u0131rlar\u0131 \u00e7evresine yay\u0131laca\u011f\u0131n\u0131, bu de\u011fi\u015fimin de takip edilmesi gerekti\u011fini, ayr\u0131ca 5.000.-m3 alt\u0131nda dahi olsa her t\u00fcrl\u00fc maden \u00e7\u0131karma izninin \u00c7ED raporuna ba\u011flanmas\u0131n\u0131n zorunlu oldu\u011funu, bu hususta y\u00f6netmeli\u011fe bir madde eklenmesi i\u00e7in gerekli \u00e7al\u0131\u015fman\u0131n yap\u0131lmas\u0131n\u0131n zorunlu oldu\u011funu, Karadeniz B\u00f6lgesinde ta\u015f ocaklar\u0131n\u0131n halk\u0131n direnimi ile bir bir kapat\u0131ld\u0131\u011f\u0131n\u0131 belirtti.<\/p>\n<p>&nbsp;<\/p>\n<p>Fikret \u00d6zayd\u0131n ve Fatih Vural K\u00fct\u00fck\u2019\u00fcn bu konuda Orman B\u00f6lge M\u00fcd\u00fcrl\u00fc\u011f\u00fcne giderek bilgi edinmelerine, gelecek toplant\u0131da edindikleri bilgileri bizlere aktarmalar\u0131na karar verildi.<\/p>\n<p>Birsen \u015eule \u00d6zayd\u0131n s\u00f6z alarak G\u00fc\u00e7birli\u011fi toplant\u0131lar\u0131na bu konuyu ta\u015f\u0131yaca\u011f\u0131n\u0131 ve gerekli deste\u011fi temin edece\u011fini belirtti. Uluslar aras\u0131 Antalya \u00dcniversitesi ve Ankara \u00dcniversitesi Avrupa Topluluklar\u0131 Ara\u015ft\u0131rma ve Uygulama Merkezi \u0130\u015fbirli\u011fi ile 3-8 Aral\u0131k 2012 tarihleri aras\u0131nda d\u00fczenlenecek \u201cAvrupa Birli\u011fi 62.Sertifika Program\u0131\u201dna uygun g\u00f6r\u00fclen bir \u00fcyemizin kat\u0131l\u0131mlar\u0131 ile ilgili olarak G\u00fc\u00e7birli\u011fine hitaben haz\u0131rlanan yaz\u0131n\u0131n Antalya Vali yard\u0131mc\u0131s\u0131 Recep Y\u00fcksel\u2019in imzas\u0131 ile G\u00fc\u00e7birli\u011fine g\u00f6nderildi\u011fini, bir \u00fcyemizin bu sertifika program\u0131na kat\u0131labilece\u011fini, rertifika program\u0131n\u0131n konusunun, yap\u0131laca\u011f\u0131 yeri ve saatlerini \u00f6\u011frenip bildirece\u011fini belirtti.<\/p>\n<p>&nbsp;<\/p>\n<p>Birsen Bahad s\u00f6z alarak; bu toplant\u0131n\u0131n slogan\u0131n\u0131n \u201cBU GEZEGEN B\u0130Z\u0130M\u201d olmas\u0131n\u0131 \u00f6nerdi ve oybirli\u011fi ile kabul edildi. At\u0131k pillerin toplanmas\u0131 ile ilgili olarak Muratpa\u015fa Belediyesi ile yapm\u0131\u015f oldu\u011fu g\u00f6r\u00fc\u015fme notlar\u0131n\u0131 iletti. Marketlerde ve toplanma yerlerindeki pillerin belediye taraf\u0131ndan al\u0131nd\u0131\u011f\u0131n\u0131, ancak Antalya\u2019da her hangi bir at\u0131k depolama yada at\u0131\u011f\u0131n i\u015flendi\u011fi merkezin olmad\u0131\u011f\u0131n\u0131 beyan ettik.<\/p>\n<p>&nbsp;<\/p>\n<p>Mutlu Kartal s\u00f6z alarak; at\u0131k pillerin i\u00e7erisindeki \u00e7inko, nikel kadminyum ve c\u0131va gibi a\u011f\u0131r metallarin toprak ya da suya \u00e7ok kolay kar\u0131\u015ft\u0131\u011f\u0131n\u0131 ve t\u00fcm canl\u0131 organizmalar\u0131 zehirledi\u011fini, bu sebeple bu at\u0131klar\u0131n kesinlikle do\u011frudan do\u011faya b\u0131rak\u0131lmamas\u0131 gerekti\u011fini, son onbe\u015f y\u0131l i\u00e7erisinde Avrupa Birli\u011fi uygulamalar\u0131nda bunlar\u0131n ayr\u0131\u015ft\u0131r\u0131l\u0131p geri d\u00f6n\u00fc\u015ft\u00fcr\u00fclmesi i\u00e7in tesislerin yap\u0131ld\u0131\u011f\u0131n\u0131, TAP isimli bir kurulu\u015fun bunlar\u0131 toplad\u0131\u011f\u0131n\u0131 ve \u0130stanbul\u2019a gitti\u011fini ancak bu a\u015famadan sonra ne oldu\u011funun bilinmedi\u011fini, at\u0131k pil toplama ile ilgili olarak son derece ciddi ve detayl\u0131 bir y\u00f6netmelik oldu\u011funu, muhtemelen Avrupa Birli\u011fi uyum yasalar\u0131 \u00e7er\u00e7evesinde bunlar\u0131n adapte edildi\u011fini a\u00e7\u0131klad\u0131. Bu konuda muhtemelen Avrupa Birli\u011finin at\u0131\u011f\u0131 teslim al\u0131rken bir destek \u00f6demesinin bulunmas\u0131 sebebiyle T\u00fcrkiye\u2019de faaliyetin yayg\u0131nla\u015ft\u0131\u011f\u0131n\u0131, dernek olarak bu i\u015fin de yap\u0131labilece\u011fini belirtti. Kat\u0131lanlar bu konunun da gelecek toplant\u0131larda de\u011ferlendirilmesini, belki de derne\u011fimizin faaliyeti \u00e7er\u00e7evesinde bu toplama i\u015finin yap\u0131labilece\u011fini, mevzuat\u0131n ara\u015ft\u0131r\u0131lmas\u0131n\u0131 \u00f6nerdiler. Bu \u00f6neri kat\u0131lanlar\u0131n oybirli\u011fi ile kabul edildi. Konu ile ilgili olarak \u201cwww.tap.org.tr\u201d sayfas\u0131ndan detayl\u0131 bilgi edinilebilece\u011fini belirtti.<\/p>\n<p>&nbsp;<\/p>\n<p>\u00dcyemiz Osman Yak\u0131c\u0131\u2019n\u0131n misafiri Zeki Rumela s\u00f6z alarak; at\u0131k sular\u0131n ozon y\u00f6ntemi ile temizlenmesine ili\u015fkin yeni teknoloji ve \u00fcr\u00fcnlerini tan\u0131tt\u0131. Pierre Rosenblat g\u00f6letin temizli\u011fi ve sistemin tan\u0131t\u0131lmas\u0131 i\u00e7in 01.12.2012\u2019de kendisini evine davet etti. Bu konuda deneyim ve bilgilendirmenin gelecek toplant\u0131larda payla\u015f\u0131lmas\u0131na karar verildi.<\/p>\n<p>&nbsp;<\/p>\n<p>\u00c7ok \u00f6nemli mazereti olmad\u0131k\u00e7a her toplant\u0131ya kat\u0131lan Zeynep Tokta\u015f ve Nebi Tokta\u015f kat\u0131lanlar\u0131n oybirli\u011fi ile derne\u011fimiz \u00fcyeli\u011fine kabul edildi.<\/p>\n<p>&nbsp;<\/p>\n<p>28.12.2012 g\u00fcn\u00fc saat 14.00\u2019de yap\u0131lacak olan tar\u0131msal ila\u00e7lar\u0131n \u00e7evresel etkileri ile ilgili Kent Konseyi toplant\u0131s\u0131na derne\u011fimizi temsilen \u00c7etin Topa\u00e7\u2019\u0131n kat\u0131lmas\u0131na karar verildi.<\/p>\n<p>Bir sonraki toplant\u0131 g\u00fcn\u00fcn\u00fcn 30.12.2012\u2019ye geldi\u011fi dikkate al\u0131nd\u0131\u011f\u0131nda yeni y\u0131l kutlama programlar\u0131 olan arkada\u015flar\u0131n kat\u0131lamayacaklar\u0131 \u00f6ng\u00f6r\u00fclerek, ayr\u0131ca bir k\u0131s\u0131m arkada\u015flar\u0131n da hep birlikte yeni y\u0131l\u0131 kar\u015f\u0131lamak istedikleri anla\u015f\u0131ld\u0131\u011f\u0131ndan; \u00a0baz\u0131 \u00fcyelerimiz 23.12.2012 g\u00fcn\u00fc kahvalt\u0131 olarak de\u011fil ancak fixmen\u00fc anla\u015fmas\u0131 yap\u0131larak bir restaurantta saat 14.00\u2019de bulu\u015fularak kutlama yap\u0131lmas\u0131n\u0131 \u00f6nerdi. \u00c7ok yo\u011fun ge\u00e7en toplant\u0131da bu konuda bir fikir birli\u011fine var\u0131lamad\u0131. \u0130nternet arac\u0131l\u0131\u011f\u0131 ile \u00f6nerinin de\u011ferlendirilerek toplant\u0131 g\u00fcn\u00fcn\u00fcn tespitine karar verildi.<\/p>\n<p>&nbsp;<\/p>\n<p>Yine Yusuf Demir her zamanki nezaket ve zerafeti ile foto\u011fraflar\u0131m\u0131z\u0131 \u00e7ekti. \u201cBU GEZEGEN B\u0130Z\u0130M\u201d slogan\u0131 ile toplant\u0131y\u0131 sonland\u0131rd\u0131k. 25.11.2012<\/p>\n<p>&nbsp;<\/p>\n<p>&nbsp;<\/p>\n<p>Remziye Kartal Rosenblat<\/p>\n","protected":false},"excerpt":{"rendered":"<p>TEM\u0130Z \u00c7EVRE DERNE\u011ei\u00a0\u00a025.11.2012 G\u00dcNL\u00dc TOPLANTI NOTLARI 25.11.2012 g\u00fcn\u00fc saat 10.00\u2019da Atat\u00fcrk K\u00fclt\u00fcr Park\u0131 i\u00e7erisindeki Yenge\u00e7 Cafe\u2019de kahvalt\u0131da bulu\u015fuldu. Fatih Vural K\u00fct\u00fck her zamanki gibi lezzetli simitler ile geldi. Tezah\u00fcrat yine b\u00fcy\u00fckt\u00fc. Mekan \u00e7ok g\u00fczeldi. Ba\u015fkan Remziye Kartal a\u00e7\u0131l\u0131\u015f yapt\u0131. Ta\u015f-mermer ocaklar\u0131 hakk\u0131nda yap\u0131lan bilgilendirmede: \u2013 Enerji ve Taibi Kaynaklar Bakanl\u0131\u011f\u0131 Maden \u0130\u015fleri Genel M\u00fcd\u00fcrl\u00fc\u011f\u00fcn\u00fcn maden&#8230;<\/p>\n","protected":false},"author":1,"featured_media":232,"comment_status":"closed","ping_status":"closed","sticky":false,"template":"","format":"standard","meta":{"magazine_newspaper_sidebar_layout":"","footnotes":""},"categories":[11],"tags":[],"class_list":["post-148","post","type-post","status-publish","format-standard","has-post-thumbnail","hentry","category-toplanti-kararlari"],"_links":{"self":[{"href":"https:\/\/temizcevre.org\/index.php?rest_route=\/wp\/v2\/posts\/148","targetHints":{"allow":["GET"]}}],"collection":[{"href":"https:\/\/temizcevre.org\/index.php?rest_route=\/wp\/v2\/posts"}],"about":[{"href":"https:\/\/temizcevre.org\/index.php?rest_route=\/wp\/v2\/types\/post"}],"author":[{"embeddable":true,"href":"https:\/\/temizcevre.org\/index.php?rest_route=\/wp\/v2\/users\/1"}],"replies":[{"embeddable":true,"href":"https:\/\/temizcevre.org\/index.php?rest_route=%2Fwp%2Fv2%2Fcomments&post=148"}],"version-history":[{"count":3,"href":"https:\/\/temizcevre.org\/index.php?rest_route=\/wp\/v2\/posts\/148\/revisions"}],"predecessor-version":[{"id":234,"href":"https:\/\/temizcevre.org\/index.php?rest_route=\/wp\/v2\/posts\/148\/revisions\/234"}],"wp:featuredmedia":[{"embeddable":true,"href":"https:\/\/temizcevre.org\/index.php?rest_route=\/wp\/v2\/media\/232"}],"wp:attachment":[{"href":"https:\/\/temizcevre.org\/index.php?rest_route=%2Fwp%2Fv2%2Fmedia&parent=148"}],"wp:term":[{"taxonomy":"category","embeddable":true,"href":"https:\/\/temizcevre.org\/index.php?rest_route=%2Fwp%2Fv2%2Fcategories&post=148"},{"taxonomy":"post_tag","embeddable":true,"href":"https:\/\/temizcevre.org\/index.php?rest_route=%2Fwp%2Fv2%2Ftags&post=148"}],"curies":[{"name":"wp","href":"https:\/\/api.w.org\/{rel}","templated":true}]}}