{"id":150,"date":"2012-11-04T13:54:00","date_gmt":"2012-11-04T13:54:00","guid":{"rendered":"http:\/\/thebootstrapthemes.com\/demo\/magazine-newspaper\/?p=19"},"modified":"2024-05-29T13:55:37","modified_gmt":"2024-05-29T13:55:37","slug":"a-small-river-named-duden-flows-by-their-place-and-supplies-2","status":"publish","type":"post","link":"https:\/\/temizcevre.org\/?p=150","title":{"rendered":"TEM\u0130Z \u00c7EVRE DERNE\u011e\u0130 04.11.2012 G\u00dcNL\u00dc TOPLANTI NOTLARI"},"content":{"rendered":"<p>04.11.2012 g\u00fcn\u00fc saat 10.00\u2019da Konyaalt\u0131 Nash\u0131ra Park\u2019ta kahvalt\u0131da bulu\u015fuldu. Hava \u00e7ok g\u00fczeldi. Kahvalt\u0131 zengindi.<\/p>\n<p>Yap\u0131lan \u00e7al\u0131\u015fmalar \u00f6zetlendi. A\u015fa\u011f\u0131daki kararlar al\u0131nd\u0131:<\/p>\n<p>1-\u00a0\u00a0\u00a0\u00a0\u00a0 Murat \u00dcz\u00fcm s\u00f6z alarak ayl\u0131k 150.-TL\u2019den bir yer bulman\u0131n imkans\u0131z oldu\u011funu,<\/p>\n<p>ancak 200.-TL\u2019yi g\u00f6zden \u00e7\u0131kard\u0131\u011f\u0131m\u0131z takdirde bir yer bulunabilece\u011fini s\u00f6yledi. Bu konuda kendisinin gerekli ara\u015ft\u0131rmalar\u0131 yapaca\u011f\u0131n\u0131, bilgi verece\u011fini belirtti. Ayl\u0131k 200.-TL\u2019yi ge\u00e7meyecek \u015fekilde bir yer kiralamas\u0131 konusunda kendisine yetki verildi.<\/p>\n<p>&nbsp;<\/p>\n<p>2-\u00a0\u00a0\u00a0\u00a0\u00a0 Birsen \u00d6zayd\u0131n s\u00f6z alarak \u201cG\u00fc\u00e7birli\u011fi Grubunun\u201d derne\u011fimizin t\u00fcm \u00e7al\u0131\u015fma ve<\/p>\n<p>Faaliyetlerinde yan\u0131m\u0131zda yeralaca\u011f\u0131n\u0131, bu gruba kat\u0131lan t\u00fcm dernek sorumlu ve ba\u015fkanlar\u0131n\u0131n destek s\u00f6z\u00fc verdi\u011fini anlatt\u0131r. Kendisinin derne\u011fimizi temsilen bu toplant\u0131lara kat\u0131lmaya devam edece\u011fini bildirdi.<\/p>\n<p>&nbsp;<\/p>\n<p>3-\u00a0\u00a0\u00a0\u00a0\u00a0 Mustafa \u015een \u201cKent Konseyi\u201d toplant\u0131lar\u0131na kat\u0131l\u0131m olmad\u0131\u011f\u0131n\u0131, bilgilenme<\/p>\n<p>a\u00e7\u0131s\u0131ndan \u00f6nem arzetti\u011fini belirtti. Aram\u0131za yeni kat\u0131lan \u00c7etin Topa\u00e7 bu toplant\u0131lara kat\u0131labilece\u011fini bildirdi ve kabul edildi.<\/p>\n<p>&nbsp;<\/p>\n<p>4-\u00a0\u00a0\u00a0\u00a0\u00a0 Ta\u015f Ocaklar\u0131n\u0131 i\u015fletenlerin Maden Kanunu 24.maddesine ayk\u0131r\u0131 davran\u0131\u015flar\u0131 ve<\/p>\n<p>denetimleri ile ilgili olarak Remziye Kartal Rosenblat\u2019\u0131n denetim birimleri ile g\u00f6r\u00fc\u015fmesine, yasal ihlali bulunan ocaklar\u0131n \u015fikayet edilmesine, bu konunun bu d\u00f6nem i\u00e7in birincil g\u00fcndem maddesi olmas\u0131na, bu hususta gerekirse bas\u0131n a\u00e7\u0131klamalar\u0131 yap\u0131lmas\u0131na karar verildi.<\/p>\n<p>&nbsp;<\/p>\n<p>5-\u00a0\u00a0\u00a0\u00a0\u00a0 At\u0131k pillerin topland\u0131ktan sonra ne gibi i\u015flemler yap\u0131l\u0131p \u00e7evreye zararl\u0131 etkilerinin<\/p>\n<p>kald\u0131r\u0131ld\u0131\u011f\u0131 hususunda Birsen Bahad\u2019\u0131n Muratpa\u015fa Belediyesi ile g\u00f6r\u00fc\u015fmesine, Mutlu Kartal\u2019\u0131n gerekli ara\u015ft\u0131rmalar\u0131 yapmas\u0131na karar verildi.<\/p>\n<p>&nbsp;<\/p>\n<p>6-\u00a0\u00a0\u00a0\u00a0\u00a0 Web Sitemizdeki de\u011fi\u015fiklikler ve ba\u015far\u0131lardan dolay\u0131 \u00fcyelerimiz Murat Altan ve<\/p>\n<p>Mete Y\u00fcksel\u2019e te\u015fekk\u00fcr edildi. Her \u00fcyemiz taraf\u0131ndan g\u00fcnde en az bir kez t\u0131klanmas\u0131 ve takip edilmesi tekrar hat\u0131rlat\u0131ld\u0131. Ayr\u0131ca yeni bir Facebook ve Twiter hesab\u0131 olu\u015fturularak Mete Y\u00fcksel taraf\u0131ndan takip edilmesine, \u00e7evresel sorunlar ile ilgili olarak g\u00f6r\u00fc\u015f ve oylama duvar\u0131 haz\u0131rlanmas\u0131na karar verildi.<\/p>\n<p>&nbsp;<\/p>\n<p>7- Bas\u0131n s\u00f6zc\u00fcm\u00fcz Yusuf Demir\u2019in \u00e7\u0131kan haberleri okundu ve kendisi herkes taraf\u0131ndan kutland\u0131, te\u015fekk\u00fcr edildi. K\u00fc\u00e7\u00fck \u00e7evreciler \u0130dil T\u00fcrkfiliz, Can Topa\u00e7 ve Arda Kartal\u2019\u0131n kat\u0131l\u0131m\u0131 ile geleneksel toplant\u0131 foto\u011fraf\u0131n\u0131 yine b\u00fcy\u00fck bir \u00f6zenle \u00e7ekti.<\/p>\n<p>&nbsp;<\/p>\n<p>8-\u00a0\u00a0\u00a0\u00a0\u00a0 Gelene\u011fin bozulmadan devam etmesi i\u00e7in her ay\u0131n son Pazar g\u00fcn\u00fc kahvalt\u0131larda<\/p>\n<p>toplan\u0131lmas\u0131na ve organizasyonun yine Fikret \u00d6zayd\u0131n taraf\u0131ndan yap\u0131lmas\u0131na, gelecek toplant\u0131n\u0131n 25 Kas\u0131m 2012 g\u00fcn\u00fc saat 10.00\u2019da kahvalt\u0131 ile birlikte yap\u0131lmas\u0131na\u00a0 karar verildi.<\/p>\n<p>&nbsp;<\/p>\n<p>Remziye Kartal Rosenblat<\/p>\n","protected":false},"excerpt":{"rendered":"<p>04.11.2012 g\u00fcn\u00fc saat 10.00\u2019da Konyaalt\u0131 Nash\u0131ra Park\u2019ta kahvalt\u0131da bulu\u015fuldu. Hava \u00e7ok g\u00fczeldi. Kahvalt\u0131 zengindi. Yap\u0131lan \u00e7al\u0131\u015fmalar \u00f6zetlendi. A\u015fa\u011f\u0131daki kararlar al\u0131nd\u0131: 1-\u00a0\u00a0\u00a0\u00a0\u00a0 Murat \u00dcz\u00fcm s\u00f6z alarak ayl\u0131k 150.-TL\u2019den bir yer bulman\u0131n imkans\u0131z oldu\u011funu, ancak 200.-TL\u2019yi g\u00f6zden \u00e7\u0131kard\u0131\u011f\u0131m\u0131z takdirde bir yer bulunabilece\u011fini s\u00f6yledi. Bu konuda kendisinin gerekli ara\u015ft\u0131rmalar\u0131 yapaca\u011f\u0131n\u0131, bilgi verece\u011fini belirtti. Ayl\u0131k 200.-TL\u2019yi ge\u00e7meyecek \u015fekilde bir&#8230;<\/p>\n","protected":false},"author":1,"featured_media":238,"comment_status":"closed","ping_status":"closed","sticky":false,"template":"","format":"standard","meta":{"magazine_newspaper_sidebar_layout":"","footnotes":""},"categories":[11],"tags":[],"class_list":["post-150","post","type-post","status-publish","format-standard","has-post-thumbnail","hentry","category-toplanti-kararlari"],"_links":{"self":[{"href":"https:\/\/temizcevre.org\/index.php?rest_route=\/wp\/v2\/posts\/150","targetHints":{"allow":["GET"]}}],"collection":[{"href":"https:\/\/temizcevre.org\/index.php?rest_route=\/wp\/v2\/posts"}],"about":[{"href":"https:\/\/temizcevre.org\/index.php?rest_route=\/wp\/v2\/types\/post"}],"author":[{"embeddable":true,"href":"https:\/\/temizcevre.org\/index.php?rest_route=\/wp\/v2\/users\/1"}],"replies":[{"embeddable":true,"href":"https:\/\/temizcevre.org\/index.php?rest_route=%2Fwp%2Fv2%2Fcomments&post=150"}],"version-history":[{"count":1,"href":"https:\/\/temizcevre.org\/index.php?rest_route=\/wp\/v2\/posts\/150\/revisions"}],"predecessor-version":[{"id":239,"href":"https:\/\/temizcevre.org\/index.php?rest_route=\/wp\/v2\/posts\/150\/revisions\/239"}],"wp:featuredmedia":[{"embeddable":true,"href":"https:\/\/temizcevre.org\/index.php?rest_route=\/wp\/v2\/media\/238"}],"wp:attachment":[{"href":"https:\/\/temizcevre.org\/index.php?rest_route=%2Fwp%2Fv2%2Fmedia&parent=150"}],"wp:term":[{"taxonomy":"category","embeddable":true,"href":"https:\/\/temizcevre.org\/index.php?rest_route=%2Fwp%2Fv2%2Fcategories&post=150"},{"taxonomy":"post_tag","embeddable":true,"href":"https:\/\/temizcevre.org\/index.php?rest_route=%2Fwp%2Fv2%2Ftags&post=150"}],"curies":[{"name":"wp","href":"https:\/\/api.w.org\/{rel}","templated":true}]}}