{"id":206,"date":"2009-11-01T13:51:00","date_gmt":"2009-11-01T13:51:00","guid":{"rendered":"https:\/\/thebootstrapthemes.com\/demo\/magazine-newspaper\/?p=24"},"modified":"2024-05-29T13:56:13","modified_gmt":"2024-05-29T13:56:13","slug":"the-copy-warned-the-little-blind-text","status":"publish","type":"post","link":"https:\/\/temizcevre.org\/?p=206","title":{"rendered":"Kuzdere Ziyaret Notlar\u0131"},"content":{"rendered":"\n<p>Saat 11.00\u2019de Kuzdere 75.Y\u0131l Kat\u0131 At\u0131k Ar\u0131tma Tesisine var\u0131ld\u0131. Tesis i\u015fletme sorumlusu Ayta\u00e7 Salim Yurtta\u015f ve Bahattin \u00c7elebi kar\u015f\u0131lad\u0131lar.<\/p>\n\n\n\n<p>Ayta\u00e7 Salim Yurtta\u015f b\u00fcy\u00fck bir a\u00e7\u0131kl\u0131k ile t\u00fcm sorular\u0131m\u0131z cevaplad\u0131 ve tesis hakk\u0131nda bilgi verdi.<\/p>\n\n\n\n<hr class=\"wp-block-separator has-alpha-channel-opacity\"\/>\n\n\n\n<p>Tesisin 1977 y\u0131l\u0131nda planlan\u0131p 1999 y\u0131l\u0131nda Mart ay\u0131nda i\u015fletmeye a\u00e7\u0131ld\u0131\u011f\u0131n\u0131, Kemer Akyarlar T\u00fcnelinden Olimpos Antik Kentine kadar GATAB olarak at\u0131klar\u0131 toplay\u0131p ayr\u0131\u015ft\u0131rd\u0131klar\u0131n\u0131 belirttiler. Bilgilendikten sonra \u00e7\u00f6p ve \u00e7\u00f6p\u00fcn bertaraf edilmesinin ne kadar \u00f6nemli oldu\u011funu bir kez daha anlad\u0131k.<\/p>\n\n\n\n<p>\u00c7evreden koku ile ilgili \u00e7ok fazla \u015fikayet oldu\u011funu iletti\u011fimizde; 1977 y\u0131l\u0131nda bu tesis d\u00fc\u015f\u00fcn\u00fcld\u00fc\u011f\u00fcnde hi\u00e7 bir beldenin bu tesisi yak\u0131n\u0131nda istememesi nedeniyle, mecburiyetten buraya konuldu\u011funu, yak\u0131n\u0131na imar verilmemesi gerekti\u011fi halde sanayi sitesinin imar\u0131n\u0131n verildi\u011fi gibi en \u00e7ok \u015fikayetin de tesisin kuzeyinde kalan ka\u00e7ak ve imars\u0131z villalardan geldi\u011fi belirtildi.<\/p>\n\n\n\n<p>\u00c7\u00f6p kamyonlar\u0131n\u0131n yayd\u0131\u011f\u0131 koku nedeniyle kapal\u0131 alanda dezenfekte edilmesi ile toplama odalalar\u0131n\u0131n giri\u015fine hava perdesi yapt\u0131r\u0131lmas\u0131 hususundaki \u00f6nerimize ise olumlu yakla\u015f\u0131lmas\u0131 derne\u011fimiz \u00fcyelerini \u00e7ok memnun etti.<\/p>\n\n\n\n<p>Her Pazartesi g\u00fcn\u00fc sorumlu olduklar\u0131 b\u00f6lgeden t\u0131bbi at\u0131k topland\u0131\u011f\u0131n\u0131 ve bunun Antalya\u2019ya g\u00f6nderildi\u011fini \u00f6\u011frendik. En k\u0131ymetli at\u0131\u011f\u0131n ise pet \u015fi\u015fe oldu\u011fu, bu at\u0131\u011f\u0131n elyaf olarak geri d\u00f6n\u00fc\u015f\u00fcm\u00fcn\u00fcn temin edildi\u011fi, kompost haline getirilen organik at\u0131klar\u0131n da 1 tonunun 2008 y\u0131l\u0131nda 25 TL\u2019ye peyzaj yapanlara ve serac\u0131lara sat\u0131ld\u0131\u011f\u0131, gelecek y\u0131l i\u00e7in ton ba\u015f\u0131na 40.-TL talep edilece\u011fi belirtildi.<\/p>\n\n\n\n<p>Tesisin kapasitesi \u00fczerinde \u00e7al\u0131\u015ft\u0131\u011f\u0131 ve en az\u0131ndan 8 oda daha yap\u0131lmas\u0131 gerekti\u011fi a\u00e7\u0131kland\u0131. Ancak \u00e7\u00f6p ay\u0131rma ve toplama i\u015flemi maliyeti olan, kazanc\u0131 olmayan bir i\u015f oldu\u011fu i\u00e7in kald\u0131r\u0131mlar gibi kamu yat\u0131r\u0131m\u0131 gerektiren bir i\u015f. Kuzdere ar\u0131tma tesisinde 110 ton kat\u0131 at\u0131k i\u015flenmesi gerekirken 150 ton kat\u0131 at\u0131k i\u015flenmekte. Her ne kadar otel at\u0131klar\u0131 bir miktar ayr\u0131\u015ft\u0131r\u0131lm\u0131\u015f olsa da sorun daha ziyade \u00e7\u00f6p toplama kamyonlar\u0131n\u0131n maliyetli olu\u015funda. Arta kalan kirli-at\u0131k suyun ise vidanj\u00f6rler ile kirli su ar\u0131tma tesislerine g\u00f6nderildi\u011fi a\u00e7\u0131kland\u0131.<\/p>\n\n\n\n<p>Tesisin yemekhanesinde \u00e7ok g\u00fczel haz\u0131rlanm\u0131\u015f, nefis \u00e7ay ikram edildi. Fatih Vural K\u00fct\u00fck\u2019\u00fcn getirmi\u015f oldu\u011fu simitlerin kalan\u0131n\u0131 da payla\u015ft\u0131k. Ayta\u00e7 Salim Yurtta\u015f b\u00fcy\u00fck bir nezaket ve sab\u0131rla herkesin sorusunu tek tek a\u00e7\u0131klad\u0131. Pierre Rosenblat s\u00f6z alarak \u201c\u00e7\u00f6p ar\u0131tma i\u015fleminin b\u00fct\u00e7esi k\u00fc\u00e7\u00fck, yerel belediyelerin yapaca\u011f\u0131 i\u015f olmad\u0131\u011f\u0131n\u0131, ar\u0131tma tesislerinin t\u00fcm\u00fcyle kamu b\u00fct\u00e7esinden ve merkezi h\u00fck\u00fcmet taraf\u0131ndan yap\u0131lacak yat\u0131r\u0131m oldu\u011funu, i\u015fletmenin k\u0131sa vadede karl\u0131 olmad\u0131\u011f\u0131 ancak uzun gelecekte yap\u0131lmas\u0131 zorunlu olan bu i\u015fin y\u00fcr\u00fcmesi i\u00e7in ancak ve ancak merkezi b\u00fct\u00e7eden kaynakla yat\u0131r\u0131mlar\u0131n yap\u0131lmas\u0131 gerekti\u011fini\u201d belirtti.<\/p>\n\n\n\n<p>Toplant\u0131 k\u0131sa d\u00f6nemde yap\u0131labilecek i\u015flerin bir an evvel ger\u00e7ekle\u015ftirilmesi, odalar\u0131n hava perdelerinin yap\u0131lmas\u0131, \u00e7\u00f6p kamyonlar\u0131n\u0131n kapal\u0131 alanda dezenfekte edilmesi hususunda yetkililere temennilerin iletilmesi dile\u011fiyle sona erdirildi.<\/p>\n","protected":false},"excerpt":{"rendered":"<p>Saat 11.00\u2019de Kuzdere 75.Y\u0131l Kat\u0131 At\u0131k Ar\u0131tma Tesisine var\u0131ld\u0131. Tesis i\u015fletme sorumlusu Ayta\u00e7 Salim Yurtta\u015f ve Bahattin \u00c7elebi kar\u015f\u0131lad\u0131lar. Ayta\u00e7 Salim Yurtta\u015f b\u00fcy\u00fck bir a\u00e7\u0131kl\u0131k ile t\u00fcm sorular\u0131m\u0131z cevaplad\u0131 ve tesis hakk\u0131nda bilgi verdi. Tesisin 1977 y\u0131l\u0131nda planlan\u0131p 1999 y\u0131l\u0131nda Mart ay\u0131nda i\u015fletmeye a\u00e7\u0131ld\u0131\u011f\u0131n\u0131, Kemer Akyarlar T\u00fcnelinden Olimpos Antik Kentine kadar GATAB olarak at\u0131klar\u0131 toplay\u0131p&#8230;<\/p>\n","protected":false},"author":1,"featured_media":0,"comment_status":"closed","ping_status":"closed","sticky":false,"template":"","format":"standard","meta":{"magazine_newspaper_sidebar_layout":"","footnotes":""},"categories":[11],"tags":[],"class_list":["post-206","post","type-post","status-publish","format-standard","hentry","category-toplanti-kararlari"],"_links":{"self":[{"href":"https:\/\/temizcevre.org\/index.php?rest_route=\/wp\/v2\/posts\/206","targetHints":{"allow":["GET"]}}],"collection":[{"href":"https:\/\/temizcevre.org\/index.php?rest_route=\/wp\/v2\/posts"}],"about":[{"href":"https:\/\/temizcevre.org\/index.php?rest_route=\/wp\/v2\/types\/post"}],"author":[{"embeddable":true,"href":"https:\/\/temizcevre.org\/index.php?rest_route=\/wp\/v2\/users\/1"}],"replies":[{"embeddable":true,"href":"https:\/\/temizcevre.org\/index.php?rest_route=%2Fwp%2Fv2%2Fcomments&post=206"}],"version-history":[{"count":1,"href":"https:\/\/temizcevre.org\/index.php?rest_route=\/wp\/v2\/posts\/206\/revisions"}],"predecessor-version":[{"id":244,"href":"https:\/\/temizcevre.org\/index.php?rest_route=\/wp\/v2\/posts\/206\/revisions\/244"}],"wp:attachment":[{"href":"https:\/\/temizcevre.org\/index.php?rest_route=%2Fwp%2Fv2%2Fmedia&parent=206"}],"wp:term":[{"taxonomy":"category","embeddable":true,"href":"https:\/\/temizcevre.org\/index.php?rest_route=%2Fwp%2Fv2%2Fcategories&post=206"},{"taxonomy":"post_tag","embeddable":true,"href":"https:\/\/temizcevre.org\/index.php?rest_route=%2Fwp%2Fv2%2Ftags&post=206"}],"curies":[{"name":"wp","href":"https:\/\/api.w.org\/{rel}","templated":true}]}}