{"id":207,"date":"2019-08-26T13:54:00","date_gmt":"2019-08-26T13:54:00","guid":{"rendered":"https:\/\/thebootstrapthemes.com\/demo\/magazine-newspaper\/?p=21"},"modified":"2024-05-29T14:13:13","modified_gmt":"2024-05-29T14:13:13","slug":"parlia","status":"publish","type":"post","link":"https:\/\/temizcevre.org\/?p=207","title":{"rendered":"Gr\u00f6nland\u2019da Temmuzda 179 Milyar Ton Buz Eridi"},"content":{"rendered":"<p><strong>Birle\u015fmi\u015f Milletler Genel Sekreteri Antonio Guterres, iklim de\u011fi\u015fikli\u011fi konusunda uyar\u0131da bulunarak, d\u00fcnyan\u0131n en b\u00fcy\u00fck ikinci buz \u00f6rt\u00fcs\u00fc Gr\u00f6nland\u2019da temmuzda 179 milyar ton buz eridi\u011fini bildirdi.<\/strong><\/p>\n<p>&nbsp;<\/p>\n<p>Guterres, Fransa\u2019n\u0131n Biarritz kentinde kat\u0131ld\u0131\u011f\u0131\u00a0G7 Zirvesi\u2019nde gazetecilere yapt\u0131\u011f\u0131 a\u00e7\u0131klamada, iklim de\u011fi\u015fikli\u011finin neden oldu\u011fu tehlikelere dikkati \u00e7ekti.<\/p>\n<p>D\u00fcnya Meteoroloji \u00d6rg\u00fct\u00fcne g\u00f6re, atmosferdeki karbondioksit miktar\u0131n\u0131n insanl\u0131k tarihinin en \u00fcst seviyelerine ula\u015ft\u0131\u011f\u0131n\u0131 vurgulayan Guterres, \u201cD\u00fcnyan\u0131n en b\u00fcy\u00fck ikinci buz \u00f6rt\u00fcs\u00fc Gr\u00f6nland\u2019da temmuzda 179 milyar ton buz eridi\u201d ifadesini kulland\u0131.<\/p>\n<p><strong>L\u0130DERLERE HAREKETE GE\u00c7ME \u00c7A\u011eRISI<\/strong><\/p>\n<p>Guterres, Sibirya, Alaska, Kanada ve Arktik Dairesi\u2019ndeki yang\u0131nlar nedeniyle haziranda atmosfere 50 megaton, temmuzda ise 79 megaton\u00a0karbondioksit sal\u0131n\u0131m\u0131 oldu\u011fu bilgisini payla\u015farak, \u015fimdi ise Amazon Ormanlar\u0131\u2019n\u0131n haftalard\u0131r yand\u0131\u011f\u0131n\u0131 s\u00f6yledi.<\/p>\n<p>K\u00fcresel s\u0131cakl\u0131k art\u0131\u015f\u0131n\u0131n, bu y\u00fczy\u0131l\u0131n sonuna kadar 2 derecenin alt\u0131nda tutulmas\u0131 ve 2050\u2019ye kadar\u00a0sera gaz\u0131 sal\u0131n\u0131m\u0131n\u0131n s\u0131f\u0131rlanmas\u0131 gerekti\u011fini vurgulayan Guterres, d\u00fcnya liderlerine iklim de\u011fi\u015fikli\u011fi konusunda harekete ge\u00e7me \u00e7a\u011fr\u0131s\u0131nda bulundu.<\/p>\n","protected":false},"excerpt":{"rendered":"<p>Birle\u015fmi\u015f Milletler Genel Sekreteri Antonio Guterres, iklim de\u011fi\u015fikli\u011fi konusunda uyar\u0131da bulunarak, d\u00fcnyan\u0131n en b\u00fcy\u00fck ikinci buz \u00f6rt\u00fcs\u00fc Gr\u00f6nland\u2019da temmuzda 179 milyar ton buz eridi\u011fini bildirdi. &nbsp; Guterres, Fransa\u2019n\u0131n Biarritz kentinde kat\u0131ld\u0131\u011f\u0131\u00a0G7 Zirvesi\u2019nde gazetecilere yapt\u0131\u011f\u0131 a\u00e7\u0131klamada, iklim de\u011fi\u015fikli\u011finin neden oldu\u011fu tehlikelere dikkati \u00e7ekti. D\u00fcnya Meteoroloji \u00d6rg\u00fct\u00fcne g\u00f6re, atmosferdeki karbondioksit miktar\u0131n\u0131n insanl\u0131k tarihinin en \u00fcst seviyelerine ula\u015ft\u0131\u011f\u0131n\u0131&#8230;<\/p>\n","protected":false},"author":1,"featured_media":219,"comment_status":"closed","ping_status":"closed","sticky":false,"template":"","format":"standard","meta":{"magazine_newspaper_sidebar_layout":"","footnotes":""},"categories":[7,9],"tags":[],"class_list":["post-207","post","type-post","status-publish","format-standard","has-post-thumbnail","hentry","category-cevre-haberleri","category-genel"],"_links":{"self":[{"href":"https:\/\/temizcevre.org\/index.php?rest_route=\/wp\/v2\/posts\/207","targetHints":{"allow":["GET"]}}],"collection":[{"href":"https:\/\/temizcevre.org\/index.php?rest_route=\/wp\/v2\/posts"}],"about":[{"href":"https:\/\/temizcevre.org\/index.php?rest_route=\/wp\/v2\/types\/post"}],"author":[{"embeddable":true,"href":"https:\/\/temizcevre.org\/index.php?rest_route=\/wp\/v2\/users\/1"}],"replies":[{"embeddable":true,"href":"https:\/\/temizcevre.org\/index.php?rest_route=%2Fwp%2Fv2%2Fcomments&post=207"}],"version-history":[{"count":1,"href":"https:\/\/temizcevre.org\/index.php?rest_route=\/wp\/v2\/posts\/207\/revisions"}],"predecessor-version":[{"id":220,"href":"https:\/\/temizcevre.org\/index.php?rest_route=\/wp\/v2\/posts\/207\/revisions\/220"}],"wp:featuredmedia":[{"embeddable":true,"href":"https:\/\/temizcevre.org\/index.php?rest_route=\/wp\/v2\/media\/219"}],"wp:attachment":[{"href":"https:\/\/temizcevre.org\/index.php?rest_route=%2Fwp%2Fv2%2Fmedia&parent=207"}],"wp:term":[{"taxonomy":"category","embeddable":true,"href":"https:\/\/temizcevre.org\/index.php?rest_route=%2Fwp%2Fv2%2Fcategories&post=207"},{"taxonomy":"post_tag","embeddable":true,"href":"https:\/\/temizcevre.org\/index.php?rest_route=%2Fwp%2Fv2%2Ftags&post=207"}],"curies":[{"name":"wp","href":"https:\/\/api.w.org\/{rel}","templated":true}]}}