{"id":208,"date":"2022-05-24T18:03:00","date_gmt":"2022-05-24T18:03:00","guid":{"rendered":"https:\/\/thebootstrapthemes.com\/demo\/magazine-newspaper\/?p=13"},"modified":"2024-05-29T13:54:29","modified_gmt":"2024-05-29T13:54:29","slug":"sports","status":"publish","type":"post","link":"https:\/\/temizcevre.org\/?p=208","title":{"rendered":"Antalya \u00c7evreci D\u00f6n\u00fc\u015f\u00fcm \u00c7al\u0131\u015ftay\u0131 Sonu\u00e7 Bildirgesi A\u00e7\u0131kland\u0131"},"content":{"rendered":"\n<p>Antalya B\u00fcy\u00fck\u015fehir Belediyesi ile Antalya Ticaret ve Sanayi Odas\u0131\u2019n\u0131n koordinesinde, TMMOB Antalya M\u00fchendis ve Mimar Odalar\u0131 i\u015fbirli\u011fi ile d\u00fczenlenen \u00c7evreci D\u00f6n\u00fc\u015f\u00fcm \u00c7al\u0131\u015ftay\u0131\u2019nda g\u00f6rev alan \u00e7al\u0131\u015fma gruplar\u0131, bulgular\u0131n\u0131 d\u00fczenlenen bas\u0131n toplant\u0131s\u0131nda kamuoyu ile payla\u015ft\u0131.<\/p>\n\n\n\n<p>Antalya\u2019n\u0131n \u00e7evreci d\u00f6n\u00fc\u015f\u00fcm hedeflerinin belirlenmesine \u00f6nc\u00fcl\u00fck etmek amac\u0131yla<\/p>\n\n\n\n<p>Antalya B\u00fcy\u00fck\u015fehir Belediyesi ve Antalya Ticaret ve Sanayi Odas\u0131\u2019n\u0131n koordinasyonunda, Antalya M\u00fchendis ve Mimar Odalar\u0131 i\u015fbirli\u011fi ile y\u00fcr\u00fct\u00fclen projede meslek odalar\u0131, ilgili kurum kurulu\u015flar, sivil toplum \u00f6rg\u00fctleri temsilcileri, akademisyenler ve uzmanlardan olu\u015fan 220 ki\u015finin g\u00f6rev ald\u0131\u011f\u0131 \u00c7evreci D\u00f6n\u00fc\u015f\u00fcm \u00c7al\u0131\u015ftay\u0131\u2019n\u0131n sonu\u00e7 bildirgesi a\u00e7\u0131kland\u0131.&nbsp;<\/p>\n\n\n\n<p><strong>\u00c7al\u0131\u015fma Gruplar\u0131n\u0131n Bulgular\u0131 Payla\u015f\u0131ld\u0131<\/strong><\/p>\n\n\n\n<p>Antalya\u2019n\u0131n su y\u00f6netimi, at\u0131k y\u00f6netimi, hava kalitesi, ula\u015f\u0131m, enerji, kentle\u015fme, afet riski, tar\u0131m, turizm, sanayi, biyo\u00e7e\u015fitlilik, d\u00f6ng\u00fcsel ekonomi, \u00e7evre e\u011fitimi konular\u0131nda belirlenen 13 \u00e7al\u0131\u015fma grubunun haz\u0131rlad\u0131klar\u0131 bulgu ve \u00f6neriler kamuoyu ile payla\u015f\u0131ld\u0131. Toplant\u0131ya Antalya B\u00fcy\u00fck\u015fehir Belediyesi Ba\u015fkan Ba\u015fdan\u0131\u015fman\u0131 Dr. Cem O\u011fuz, Ba\u015fkan Dan\u0131\u015fman\u0131 Lokman Atasoy, ATSO Meclis Ba\u015fkan\u0131 S\u00fcleyman \u00d6zer, Akdeniz \u00dcniversitesi\u2019nden Prof. Dr. G\u00f6khan Civeleko\u011flu, Prof. Dr. B\u00fclent Topkaya, gruplar\u0131 temsilen Meslek Odas\u0131 Ba\u015fkanlar\u0131, kamu kurumlar\u0131 ve STK temsilcileri kat\u0131ld\u0131.<\/p>\n\n\n\n<p><strong>\u00c7evreci D\u00f6n\u00fc\u015f\u00fcm \u0130\u00e7in Yol Haritas\u0131<\/strong><\/p>\n\n\n\n<p>Antalya B\u00fcy\u00fck\u015fehir Belediyesi Ba\u015fkan Dan\u0131\u015fman\u0131 Lokman Atasoy, \u00e7evre konusunun Antalya\u2019n\u0131n ortak de\u011feri oldu\u011funa dikkat \u00e7ekerek, \u201cDenizi, do\u011fas\u0131, iklimiyle Antalya\u2019n\u0131n tar\u0131m ve turizmin ba\u015fkenti olmas\u0131nda \u00e7evrenin hayati bir rol\u00fc var. \u2018\u00c7evre ve Do\u011fa Dostu Antalya\u2019 hedefiyle, B\u00fcy\u00fck\u015fehir Belediye Ba\u015fkan\u0131m\u0131z Muhittin B\u00f6cek\u2019in \u00f6nc\u00fcl\u00fc\u011f\u00fcnde ortak ak\u0131lla t\u00fcm kurum kurulu\u015flarla \u00e7al\u0131\u015fmalar\u0131m\u0131z\u0131 s\u00fcrd\u00fcr\u00fcyoruz. \u00c7evreci D\u00f6n\u00fc\u015f\u00fcm \u00c7al\u0131\u015ftay\u0131\u2019nda 13 tane grup olu\u015fturuldu ve 220 uzman kat\u0131ld\u0131. \u00c7ok \u00f6nemli bir organizasyon oldu\u201d dedi.<\/p>\n\n\n\n<p><strong>\u00c7al\u0131\u015fmalar S\u00fcrecek<\/strong><\/p>\n\n\n\n<p>Antalya\u2019n\u0131n at\u0131k ve su y\u00f6netimi, biyo\u00e7e\u015fitlilik, tar\u0131m ve turizm gibi 13 farkl\u0131 konusu ilgili \u00e7al\u0131\u015fma gruplar\u0131 ile ele alarak mevcut durum, sorunlar ve \u00e7\u00f6z\u00fcm \u00f6nerileri \u00fczerinde raporlar haz\u0131rland\u0131\u011f\u0131na da dikkat \u00e7eken Atasoy, \u201cBiz bir \u00e7al\u0131\u015ftay yap\u0131ld\u0131 oldu ve bitti diye konuya yakla\u015fm\u0131yoruz. Yap\u0131lan \u00e7al\u0131\u015fmalardan yararlan\u0131lmas\u0131, her ilgili kurum ve kurulu\u015fun \u00fczerine d\u00fc\u015feni yapmas\u0131 \u00f6nemlidir. Bu nedenle \u00e7al\u0131\u015ftayda elde etti\u011fimiz de\u011ferlendirme ve bulgular\u0131 bas\u0131n mensuplar\u0131 arac\u0131l\u0131\u011f\u0131 ile kamuoyu ile payla\u015ft\u0131k. Sonu\u00e7 bildirgesinde Antalya\u2019n\u0131n gelece\u011fine dair \u00e7evre konusunda k\u0131sa ve uzun vadede neler yap\u0131lmas\u0131 konusunda sonu\u00e7lar \u00e7\u0131kar\u0131l\u0131yor. Bunlar da ilgili kurum kurulu\u015f ve STK\u2019lar ne yapmas\u0131 gerekti\u011fi konusunda takip ederek \u00e7al\u0131\u015fmalar yapacak. Biz B\u00fcy\u00fck\u015fehir Belediyesi olarak \u00e7evre hassasiyetimiz do\u011frultusunda yap\u0131lmas\u0131 gerekenleri dikkate alaca\u011f\u0131z.\u201d diye konu\u015ftu.<\/p>\n","protected":false},"excerpt":{"rendered":"<p>Antalya B\u00fcy\u00fck\u015fehir Belediyesi ile Antalya Ticaret ve Sanayi Odas\u0131\u2019n\u0131n koordinesinde, TMMOB Antalya M\u00fchendis ve Mimar Odalar\u0131 i\u015fbirli\u011fi ile d\u00fczenlenen \u00c7evreci D\u00f6n\u00fc\u015f\u00fcm \u00c7al\u0131\u015ftay\u0131\u2019nda g\u00f6rev alan \u00e7al\u0131\u015fma gruplar\u0131, bulgular\u0131n\u0131 d\u00fczenlenen bas\u0131n toplant\u0131s\u0131nda kamuoyu ile payla\u015ft\u0131. Antalya\u2019n\u0131n \u00e7evreci d\u00f6n\u00fc\u015f\u00fcm hedeflerinin belirlenmesine \u00f6nc\u00fcl\u00fck etmek amac\u0131yla Antalya B\u00fcy\u00fck\u015fehir Belediyesi ve Antalya Ticaret ve Sanayi Odas\u0131\u2019n\u0131n koordinasyonunda, Antalya M\u00fchendis ve Mimar&#8230;<\/p>\n","protected":false},"author":1,"featured_media":223,"comment_status":"closed","ping_status":"closed","sticky":false,"template":"","format":"standard","meta":{"magazine_newspaper_sidebar_layout":"","footnotes":""},"categories":[7,12],"tags":[],"class_list":["post-208","post","type-post","status-publish","format-standard","has-post-thumbnail","hentry","category-cevre-haberleri","category-haberler-ve-yazilar"],"_links":{"self":[{"href":"https:\/\/temizcevre.org\/index.php?rest_route=\/wp\/v2\/posts\/208","targetHints":{"allow":["GET"]}}],"collection":[{"href":"https:\/\/temizcevre.org\/index.php?rest_route=\/wp\/v2\/posts"}],"about":[{"href":"https:\/\/temizcevre.org\/index.php?rest_route=\/wp\/v2\/types\/post"}],"author":[{"embeddable":true,"href":"https:\/\/temizcevre.org\/index.php?rest_route=\/wp\/v2\/users\/1"}],"replies":[{"embeddable":true,"href":"https:\/\/temizcevre.org\/index.php?rest_route=%2Fwp%2Fv2%2Fcomments&post=208"}],"version-history":[{"count":1,"href":"https:\/\/temizcevre.org\/index.php?rest_route=\/wp\/v2\/posts\/208\/revisions"}],"predecessor-version":[{"id":224,"href":"https:\/\/temizcevre.org\/index.php?rest_route=\/wp\/v2\/posts\/208\/revisions\/224"}],"wp:featuredmedia":[{"embeddable":true,"href":"https:\/\/temizcevre.org\/index.php?rest_route=\/wp\/v2\/media\/223"}],"wp:attachment":[{"href":"https:\/\/temizcevre.org\/index.php?rest_route=%2Fwp%2Fv2%2Fmedia&parent=208"}],"wp:term":[{"taxonomy":"category","embeddable":true,"href":"https:\/\/temizcevre.org\/index.php?rest_route=%2Fwp%2Fv2%2Fcategories&post=208"},{"taxonomy":"post_tag","embeddable":true,"href":"https:\/\/temizcevre.org\/index.php?rest_route=%2Fwp%2Fv2%2Ftags&post=208"}],"curies":[{"name":"wp","href":"https:\/\/api.w.org\/{rel}","templated":true}]}}