{"id":245,"date":"2012-11-04T13:06:00","date_gmt":"2012-11-04T13:06:00","guid":{"rendered":"http:\/\/www.temizcevre.org\/?p=245"},"modified":"2024-05-29T13:55:51","modified_gmt":"2024-05-29T13:55:51","slug":"yenilenebilir-enerji-kaynaklariyla-ilgili-yetki-devri-genelgesi","status":"publish","type":"post","link":"https:\/\/temizcevre.org\/?p=245","title":{"rendered":"Yenilenebilir Enerji Kaynaklar\u0131yla \u0130lgili Yetki Devri Genelgesi"},"content":{"rendered":"\n<p><strong>T.C.<\/strong><\/p>\n\n\n\n<p><strong>\u00c7EVRE VE ORMAN BAKANLI\u011eI<\/strong><\/p>\n\n\n\n<p><strong>\u00c7evre Y\u00f6netimi Genel M\u00fcd\u00fcrl\u00fc\u011f\u00fc<\/strong><\/p>\n\n\n\n<p>SAYI&nbsp;&nbsp; : B.18.0.\u00c7YG.0.02.02-010.06-14784&nbsp;&nbsp;&nbsp;&nbsp;&nbsp;&nbsp;&nbsp;&nbsp;&nbsp;&nbsp;&nbsp;&nbsp;&nbsp;&nbsp;&nbsp;&nbsp;&nbsp;&nbsp;&nbsp;&nbsp;&nbsp;&nbsp;&nbsp;&nbsp;&nbsp;&nbsp;&nbsp;&nbsp;&nbsp;&nbsp;&nbsp;&nbsp;&nbsp; 27 A\u011fustos 2008<\/p>\n\n\n\n<p>KONU : Hava Kirlili\u011finin Kontrol\u00fc ve&nbsp;\u00d6nlenmesi<\/p>\n\n\n\n<p><strong>GENELGE<\/strong><\/p>\n\n\n\n<p>(2008\/ 11 )<\/p>\n\n\n\n<p>&nbsp;Bilindi\u011fi \u00fczere, 8 May\u0131s 2003 tarih ve 25102 say\u0131l\u0131 Resmi Gazetede yay\u0131mlanarak y\u00fcr\u00fcrl\u00fc\u011fe giren 4856 say\u0131l\u0131 \u00c7evre ve Orman Bakanl\u0131\u011f\u0131 Te\u015fkilat ve G\u00f6revleri Hakk\u0131nda Kanunun \u00c7evre Y\u00f6netimi Genel M\u00fcd\u00fcrl\u00fc\u011f\u00fc\u2019n\u00fcn g\u00f6revlerinin tan\u0131mland\u0131\u011f\u0131 9 uncu Maddesinin (c) bendi gere\u011fince \u201cyenilenebilir enerji kaynaklar\u0131 ba\u015fta olmak \u00fczere temiz enerji kullan\u0131m\u0131n\u0131 desteklemek, yak\u0131tlar\u0131n hava kirlili\u011fine yol a\u00e7mayacak \u015fekilde kullan\u0131labilmesi i\u00e7in gerekli \u00f6nlemleri almak veya ald\u0131rmak \u00e7evreye uygun teknolojileri belirlemek ve bu maksatla, kurulacak tesislerin vas\u0131flar\u0131n\u0131 saptamak\u201d &nbsp;g\u00f6revi Bakanl\u0131\u011f\u0131m\u0131za verilmi\u015ftir.<\/p>\n\n\n\n<p>Bu \u00e7er\u00e7evede, \u201cIs\u0131nmadan Kaynaklanan Hava Kirlili\u011finin Kontrol\u00fc (IKHKK) Y\u00f6netmeli\u011fi\u201d 13 Ocak 2005 tarih ve 25699 say\u0131l\u0131 Resmi Gazetede yay\u0131mlanarak 1 Nisan 2005 tarihinden itibaren y\u00fcr\u00fcrl\u00fc\u011fe girmi\u015f ve Is\u0131nmadan Kaynaklanan Hava Kirlili\u011finin Kontrol\u00fc Y\u00f6netmeli\u011finde De\u011fi\u015fiklik yap\u0131lmas\u0131na Dair Y\u00f6netmelik 17 Mart 2005 tarihli ve 25758 say\u0131l\u0131 ve 14 May\u0131s 2007 tarihli ve 26522 say\u0131l\u0131 Resmi Gazete\u2019de yay\u0131mlanarak y\u00fcr\u00fcrl\u00fc\u011fe girmi\u015ftir. An\u0131lan Y\u00f6netmeli\u011fin 28. Maddesinde; \u201cil ve il\u00e7elerin kirlilik derecelendirilmesi; il ve il\u00e7enin topografik yap\u0131s\u0131, atmosferik \u015fartlar, meteorolojik parametreler, sanayi durumu, n\u00fcfus yo\u011funlu\u011fu ve \u00f6nceki y\u0131llar\u0131n hava kalitesi \u00f6l\u00e7\u00fcm sonu\u00e7lar\u0131 dikkate al\u0131narak 06.06.2008 tarihli ve 26898 say\u0131l\u0131 Resmi Gazetede yay\u0131mlanan Hava Kalitesi De\u011ferlendirme ve Y\u00f6netimi (HKDY)Y\u00f6netmeli\u011fine g\u00f6re Bakanl\u0131k taraf\u0131ndan k\u0131\u015f sezonu ba\u015flamadan \u00f6nce ilan edilir.\u201d denilmektedir. Bu hususlar \u00e7er\u00e7evesinde, illerden al\u0131nan bilgiler de g\u00f6z \u00f6n\u00fcnde bulundurularak t\u00fcm il ve il\u00e7elerin kirlilik derecelendirilmesi yap\u0131lm\u0131\u015ft\u0131r.&nbsp; Buna g\u00f6re; \u201cS\u0131n\u0131r De\u011ferlerinin A\u015f\u0131ld\u0131\u011f\u0131 \u0130l ve \u0130l\u00e7eler\u201d (EK-I) ve \u201cS\u0131n\u0131r De\u011ferlerinin A\u015f\u0131lmad\u0131\u011f\u0131 \u0130l ve \u0130l\u00e7eler\u201d (EK-II) olmak \u00fczere s\u0131n\u0131fland\u0131rma yap\u0131lm\u0131\u015ft\u0131r.<\/p>\n\n\n\n<p>Bu s\u0131n\u0131fland\u0131rmaya g\u00f6re, Y\u00f6netmelikte \u0131s\u0131nma ama\u00e7l\u0131 kullan\u0131lacak olan yerli k\u00f6m\u00fcr \u00f6zellikleri Tablo-11 ve Tablo-12\u2019de, ithal k\u00f6m\u00fcr \u00f6zellikleri Tablo-10\u2019da, briket k\u00f6m\u00fcr \u00f6zellikleri Madde 24\u2019de ve pirina briketi \u00f6zellikleri Tablo-13\u2019de verilen yak\u0131tlar\u0131n kullan\u0131lmas\u0131, ba\u015fta petrol koku olmak \u00fczere IKHKK Y\u00f6netmeli\u011fiyle yasaklanm\u0131\u015f yak\u0131tlar\u0131n \u0131s\u0131nma ama\u00e7l\u0131 kullan\u0131lmamas\u0131, EK-I ve EK-II\u2019de yer alan il ve il\u00e7elerin kirlilik derecelerine g\u00f6re kullan\u0131lacak yak\u0131tlarla ilgili programlar\u0131n ve di\u011fer hususlarla ilgili Mahalli \u00c7evre Kurulu (M\u00c7K)Kararlar\u0131n\u0131n \u0131s\u0131nma d\u00f6nemi ba\u015flamadan al\u0131nmas\u0131 gerekmektedir.<\/p>\n\n\n\n<p>Bakanl\u0131k\u00e7a yay\u0131mlanan y\u00f6netmelik ve genelgelerin amac\u0131 bir taraftan hava kirlili\u011fini azalt\u0131rken di\u011fer taraftan da uygulamada birlikteli\u011fi sa\u011flamakt\u0131r. M\u00c7K Kararlar\u0131 ile mevzuat\u0131n etkinli\u011fi azalt\u0131lmamal\u0131 ve Y\u00f6netmelikteki 31 inci maddede belirtilen gerek\u00e7elerin sa\u011fl\u0131kl\u0131 bir \u015fekilde i\u015fletilmesi amac\u0131yla b\u00fct\u00fcn \u0130l \u00c7evre ve Orman M\u00fcd\u00fcrl\u00fcklerinin Bakanl\u0131\u011f\u0131m\u0131z talimatlar\u0131 do\u011frultusunda hareket etmeleri ve bu \u00e7er\u00e7evede M\u00c7K Kararlar\u0131 al\u0131n\u0131rken bu hususlara dikkat edilmesi ve Mahalli \u00c7evre Kurullar\u0131nca karara ba\u011flanan y\u0131ll\u0131k yak\u0131t programlar\u0131 ile ilgili al\u0131nan M\u00c7K Kararlar\u0131n\u0131n Bakanl\u0131\u011fa d\u00fczenli olarak g\u00f6nderilmesi gerekmektedir.<\/p>\n\n\n\n<p>Ayr\u0131ca, kirlilik derecelendirilmesi yap\u0131lm\u0131\u015f olan il ve il\u00e7elerin d\u0131\u015f\u0131nda kalan k\u00f6y ve belde yerle\u015fim yerlerinde de topografik yap\u0131, meteorolojik \u015fartlar, yerle\u015fim alanlar\u0131n\u0131n il ve il\u00e7e merkezlerine uzakl\u0131\u011f\u0131 ve denetimin sa\u011flanmas\u0131 hususu da dikkate al\u0131narak \u0130l Mahalli \u00c7evre Kurulu Kararlar\u0131 do\u011frultusunda belirlenen k\u00f6m\u00fcrler kullan\u0131labilir.<\/p>\n\n\n\n<p>Di\u011fer taraftan, fakir ailelere k\u00f6m\u00fcr yard\u0131m\u0131 yap\u0131lmas\u0131na ili\u015fkin 30 Aral\u0131k 2007 tarihli ve 26742 say\u0131l\u0131 Resmi Gazete\u2019de yay\u0131mlanan 2007\/13048 say\u0131l\u0131 Bakanlar Kurulu Karar\u0131 \u00e7er\u00e7evesinde \u0130l Mahalli \u00c7evre Kurullar\u0131nca, k\u00f6m\u00fcrler vatanda\u015fa da\u011f\u0131t\u0131l\u0131rken; hava kirlili\u011fi ile m\u00fccadelede ba\u015far\u0131 ve uygulamada birlikteli\u011fin sa\u011flanmas\u0131 amac\u0131yla ba\u015fta il ve il\u00e7elerin kirlilik derecelerine g\u00f6re \u00f6zellikleri belirlenmi\u015f kalitedeki k\u00f6m\u00fcrlerin da\u011f\u0131t\u0131lmas\u0131, Is\u0131nmadan Kaynaklanan Hava Kirlili\u011finin Kontrol\u00fc Y\u00f6netmeli\u011fi\u2019nde belirlenen hususlara uyulmas\u0131 gerekmektedir.<\/p>\n\n\n\n<p>Is\u0131nmada kullanacak yak\u0131tlar\u0131n yanma verimini artt\u0131rmak ve buna paralel olarak yak\u0131t t\u00fcketimi ve bacadan at\u0131lan kirletici emisyonlar\u0131n\u0131n azalt\u0131m\u0131n\u0131 sa\u011flamak i\u00e7in k\u0131\u015f gelmeden \u00f6nce soba ve kalorifer kazanlar\u0131 ile bacalar\u0131n\u0131n periyodik temizlenmesi, kalorifer tesisatlar\u0131n\u0131n izole edilerek \u0131s\u0131 kay\u0131plar\u0131n\u0131n \u00f6nlenmesi, t\u00fcm \u0131s\u0131tma tesisat\u0131n\u0131n bak\u0131m\u0131 ve temizli\u011finin gere\u011fi gibi yap\u0131lmas\u0131, kazan dairelerinin yeterince havaland\u0131r\u0131lmas\u0131 ve i\u015fletme talimatlar\u0131na uygun olarak i\u015fletilmesi, soba ve kalorifer kazanlar\u0131nda kabul edilen standartlara uygunlu\u011fun aranmas\u0131, kalorifer kazanlar\u0131n\u0131n tekni\u011fine uygun yak\u0131lmas\u0131, kazan bak\u0131m\u0131 i\u015flerinde \u00e7al\u0131\u015facaklar i\u00e7in \u201cYetkili Kalorifer Ate\u015f\u00e7isi Kurslar\u0131\u201d d\u00fczenlenmesinin sa\u011flanmas\u0131 i\u00e7in il \u00e7evre ve orman m\u00fcd\u00fcrl\u00fckleri, Belediyeler ve G\u00f6n\u00fcll\u00fc Kurulu\u015flar\u0131n i\u015fbirli\u011fi ile e\u011fitim programlar\u0131 d\u00fczenlenmesi ve halk\u0131n bilgilendirilmesinin sa\u011flanmas\u0131 \u00f6nem arz etmektedir.<\/p>\n\n\n\n<p><strong>I-Yak\u0131tlar:<\/strong><\/p>\n\n\n\n<p>Is\u0131nma ama\u00e7l\u0131 kullan\u0131lan ithal ve yerli kat\u0131 yak\u0131tlar&nbsp; (k\u00f6m\u00fcr, briket k\u00f6m\u00fcr, prina briketi vb.) i\u00e7in <strong>kat\u0131 yak\u0131t sat\u0131c\u0131s\u0131 kay\u0131t belgesi<\/strong>, <strong>uygunluk izin belgesi,<\/strong> <strong>sat\u0131\u015f izin belgesi<\/strong>, <strong>analiz<\/strong>, <strong>y\u00fck\u00fcml\u00fcl\u00fckler,<\/strong> i<strong>halelere kat\u0131l\u0131m, denetim ve <\/strong><strong>uygulanacak m\u00fceyyideler <\/strong>a\u015fa\u011f\u0131da belirtilen \u00e7er\u00e7evede yap\u0131lacakt\u0131r.<\/p>\n\n\n\n<p><strong>Kat\u0131 yak\u0131t sat\u0131c\u0131s\u0131 kay\u0131t belgesi:<\/strong><\/p>\n\n\n\n<p>1-<strong>Kat\u0131 yak\u0131t sat\u0131c\u0131s\u0131 kay\u0131t belgesi<\/strong>, sat\u0131c\u0131lara (bayi ve mahrukat\u00e7\u0131lar) ve ilde kendi ad\u0131na sat\u0131\u015f yapmak isteyen ithalat\u00e7\u0131 ve \u00fcreticiye verilir. <strong>Kat\u0131 yak\u0131t sat\u0131c\u0131s\u0131 kay\u0131t belgesi <\/strong>almak isteyenler;<\/p>\n\n\n\n<p>\u2013 Kat\u0131 yak\u0131t sat\u0131\u015f\u0131 ile ilgili \u0130\u015fyeri A\u00e7ma Ruhsat\u0131,<\/p>\n\n\n\n<p>\u2013 Oda Sicil Kayd\u0131 (Mahrukat\u00e7\u0131lar Odas\u0131na veya Sanayi ve Ticaret Odas\u0131na veya ilgili<\/p>\n\n\n\n<p>Esnaf Odas\u0131na kay\u0131tl\u0131 oldu\u011funa dair belge),<\/p>\n\n\n\n<p>\u2013 \u0130mza Sirk\u00fcleri (noter onayl\u0131)<\/p>\n\n\n\n<p>\u2013 Taahh\u00fctname (\u0130l \u00e7evre ve orman m\u00fcd\u00fcrl\u00fc\u011f\u00fcn\u00fcn talebine ba\u011fl\u0131)<\/p>\n\n\n\n<p>ile il \u00e7evre ve orman m\u00fcd\u00fcrl\u00fc\u011f\u00fcne m\u00fcracaat ederler ve il \u00e7evre ve orman m\u00fcd\u00fcrl\u00fc\u011f\u00fcnce <strong>kat\u0131 yak\u0131t sat\u0131c\u0131s\u0131 kay\u0131t belgesi <\/strong>(EK\u2013III) d\u00fczenlenir. <strong>Kat\u0131 yak\u0131t sat\u0131c\u0131s\u0131 kay\u0131t belgesi <\/strong>bir i\u015fyeri i\u00e7in ge\u00e7erlidir. Ayn\u0131 ithalat\u00e7\u0131\/\u00fcretici\/sat\u0131c\u0131n\u0131n birden fazla i\u015fyeri var ise her bir i\u015fyeri i\u00e7in <strong>kat\u0131 yak\u0131t sat\u0131c\u0131s\u0131 kay\u0131t belgesi<\/strong> numaras\u0131 ayn\u0131 kalmak \u00fczere ayr\u0131 bir <strong>kat\u0131 yak\u0131t sat\u0131c\u0131s\u0131 kay\u0131t belgesi<\/strong> d\u00fczenlenir. Ayr\u0131ca, kat\u0131 yak\u0131t sat\u0131c\u0131 kay\u0131t belgesinin yan\u0131 s\u0131ra sat\u0131c\u0131lara EK-IV tablosu da verilir.<\/p>\n\n\n\n<p>2- <strong>Kat\u0131 yak\u0131t sat\u0131c\u0131s\u0131 kay\u0131t belgesi,<\/strong> al\u0131nan il s\u0131n\u0131rlar\u0131 i\u00e7erisinde ge\u00e7erlidir. <strong>Kat\u0131 yak\u0131t sat\u0131c\u0131s\u0131 kay\u0131t belgesi <\/strong>almayan ithalat\u00e7\u0131\/\u00fcretici (<strong>kendi ad\u0131na kat\u0131 yak\u0131t satmak isterlerse<\/strong>) ve sat\u0131c\u0131lar kat\u0131 yak\u0131t sat\u0131\u015f\u0131 yapamazlar.<\/p>\n\n\n\n<p>3-<strong>Kat\u0131 yak\u0131t sat\u0131c\u0131s\u0131 kay\u0131t belgesi\u2019<\/strong>nin d\u00fczenlenmesine esas bilgi ve belgeler daha \u00f6nceki d\u00f6nemlerde kat\u0131 yak\u0131t sat\u0131\u015f\u0131 yap\u0131lan ilin il \u00e7evre ve orman m\u00fcd\u00fcrl\u00fc\u011f\u00fcne verilmi\u015f ve ge\u00e7erlili\u011fini koruyor ise yeniden istenmez. Mevcut bilgi ve belgeler dikkate al\u0131narak <strong>kat\u0131 yak\u0131t sat\u0131c\u0131s\u0131 kay\u0131t belgesi <\/strong>d\u00fczenlenir. Ancak, mevcut bilgi ve belgelerde de\u011fi\u015fiklik veya eksiklik olmas\u0131 durumunda eksikliklerin tamamlanarak il \u00e7evre ve orman m\u00fcd\u00fcrl\u00fc\u011f\u00fcne verildikten sonra <strong>kat\u0131 yak\u0131t sat\u0131c\u0131s\u0131 kay\u0131t belgesi <\/strong>d\u00fczenlenir.<\/p>\n\n\n\n<p>4-\u0130thalat\u00e7\u0131\/\u00fcretici\/sat\u0131c\u0131n\u0131n il \u00e7evre ve orman m\u00fcd\u00fcrl\u00fcklerine vermi\u015f olduklar\u0131 her t\u00fcrl\u00fc belgelerin fotokopileri kendileri (ithalat\u00e7\u0131\/\u00fcretici\/sat\u0131c\u0131) taraf\u0131ndan imzalan\u0131p ka\u015felenmesi halinde, (imza sirk\u00fcleri hari\u00e7) noter onay\u0131 aranmaz.<\/p>\n\n\n\n<p>5-\u0130thalat\u00e7\u0131\/\u00fcretici\/sat\u0131c\u0131n\u0131n <strong>kat\u0131 yak\u0131t sat\u0131c\u0131s\u0131 kay\u0131t belgesi\u2019<\/strong>nin kay\u0131p olmas\u0131, adres ve firma isim de\u011fi\u015fiklikleri halinde bir ay i\u00e7erisinde il \u00e7evre ve orman m\u00fcd\u00fcrl\u00fc\u011f\u00fcne m\u00fcracaat ederek ayn\u0131 <strong>kat\u0131 yak\u0131t sat\u0131c\u0131s\u0131 kay\u0131t belgesi<\/strong> numaras\u0131yla yeni <strong>kat\u0131 yak\u0131t sat\u0131c\u0131s\u0131 kay\u0131t belgesi<\/strong> almak zorundad\u0131r.<\/p>\n\n\n\n<p><strong>Uygunluk izin belgesi:<\/strong><\/p>\n\n\n\n<p><strong>Uygunluk izin belgesi<\/strong> yerli k\u00f6m\u00fcrler i\u00e7in d\u00fczenlenir. Ocaktan \u00fcretilerek sat\u0131\u015fa sunulacak hale getirilmi\u015f ve miktar\u0131 belirlenmi\u015f kat\u0131 yak\u0131t \u00fcreticisi, yak\u0131t\u0131n \u00e7\u0131kar\u0131ld\u0131\u011f\u0131 ilin il \u00e7evre ve orman m\u00fcd\u00fcrl\u00fc\u011f\u00fcne ba\u015fvurur. \u0130l \u00e7evre ve orman m\u00fcd\u00fcrl\u00fc\u011f\u00fcnce<strong> TS 5125, TS 4744 ve TS 2390<\/strong> say\u0131l\u0131 standartlar\u0131n belirledi\u011fi \u015fekilde numune al\u0131narak\/ald\u0131r\u0131larak, IKHKK Y\u00f6netmeli\u011fi\u2019nin 26 nc\u0131 maddesi kapsam\u0131nda belirtilen laboratuarlarda analiz yapt\u0131r\u0131l\u0131r. Analiz sonu\u00e7lar\u0131, IKHKK Y\u00f6netmeli\u011finde belirtilen s\u0131n\u0131rlar\u0131 sa\u011flamas\u0131 halinde, ekte \u00f6rne\u011fi verilen <strong>uygunluk izin belgesi <\/strong>(EK\u2013V) <strong>\u00fcreticiye<\/strong> verilir.<\/p>\n\n\n\n<p><strong>Sat\u0131\u015f izin belgesi:<\/strong><\/p>\n\n\n\n<p>\u0130thalat\u00e7\u0131\/\u00fcretici, kat\u0131 yak\u0131ta ait <strong>kontrol belgesi\/uygunluk izin belgesi <\/strong>(ithalat\u00e7\u0131\/\u00fcretici taraf\u0131ndan fotokopisi tasdik edilmi\u015f) ve <strong>kat\u0131 yak\u0131t sat\u0131c\u0131s\u0131 kay\u0131t belgesi<\/strong> alm\u0131\u015f sat\u0131c\u0131lar\u0131n listesinin (kat\u0131 yak\u0131t sat\u0131c\u0131s\u0131 kay\u0131t belge nosu, sat\u0131c\u0131 ad\u0131 ve adresi) yer ald\u0131\u011f\u0131 bir dilek\u00e7e ile il \u00e7evre ve orman m\u00fcd\u00fcrl\u00fc\u011f\u00fcne ba\u015fvurur. S\u00f6z konusu ba\u015fvuru, il \u00e7evre ve orman m\u00fcd\u00fcrl\u00fc\u011f\u00fcnce inceledikten sonra, uygun bulunmas\u0131 halinde, il \u00e7evre ve orman m\u00fcd\u00fcrl\u00fc\u011f\u00fcnce bir \u00f6rne\u011fi ekte verilen (EK-VI) \u201c<strong>sat\u0131\u015f izin belgesi<\/strong>\u201d <strong>ithalat\u00e7\u0131\/\u00fcreticiye<\/strong> verilir. Ayr\u0131ca, sat\u0131\u015f izin belgesinin yan\u0131 s\u0131ra \u00fcretici\/ithalat\u00e7\u0131ya EK-VII tablosu da verilir.<\/p>\n\n\n\n<p><strong>Analiz:<\/strong><\/p>\n\n\n\n<p>Kat\u0131 yak\u0131t\u0131n bulundu\u011fu mek\u00e2ndan (depodan, i\u015fyerinden, ara\u00e7tan vb.) TS 5125, TS 4744 ve TS 2390 say\u0131l\u0131 standartlar\u0131n belirledi\u011fi \u015fekilde numunelerin al\u0131nmas\u0131 ve IKHKK Y\u00f6netmeli\u011finin 26 nc\u0131 maddesinde belirtilen laboratuarlarda analizinin yapt\u0131r\u0131lmas\u0131 gerekmektedir. <strong>Uygunluk izin belgesi<\/strong> al\u0131nmas\u0131 s\u0131ras\u0131nda numunenin analiz ve g\u00f6nderme (kargo, posta vb.) \u00fccreti, <strong>\u00fcretici <\/strong>taraf\u0131ndan \u00f6denir. Denetim s\u0131ras\u0131nda ise analiz ve g\u00f6nderme (kargo, posta vb.) \u00fccreti, <strong>ithalat\u00e7\u0131\/\u00fcretici\/sat\u0131c\u0131<\/strong> taraf\u0131ndan \u00f6denir.<\/p>\n\n\n\n<p><strong>Y\u00fck\u00fcml\u00fcl\u00fckler:<\/strong><\/p>\n\n\n\n<p>1-\u0130thalat\u00e7\u0131\/\u00fcretici, <strong>sat\u0131\u015f izin belgesi\u2019<\/strong>nin birer kopyas\u0131n\u0131 (ithalat\u00e7\u0131\/\u00fcretici taraf\u0131ndan fotokopisi onayl\u0131) <strong>kat\u0131 yak\u0131t sat\u0131c\u0131s\u0131 kay\u0131t belgesi\u2019<\/strong>ne sahip sat\u0131c\u0131lara vermek zorundad\u0131r.<\/p>\n\n\n\n<p>2-\u0130thalat\u00e7\u0131\/\u00fcretici, kat\u0131 yak\u0131t\u0131n sat\u0131laca\u011f\u0131 ilin il \u00e7evre ve orman m\u00fcd\u00fcrl\u00fc\u011f\u00fcnden <strong>kat\u0131 yak\u0131t sat\u0131c\u0131s\u0131 kay\u0131t belgesi<\/strong> almayan sat\u0131c\u0131lara kat\u0131 yak\u0131t veremez.<\/p>\n\n\n\n<p>3-\u0130thalat\u00e7\u0131\/\u00fcretici\/sat\u0131c\u0131, sat\u0131\u015fa sunulan kat\u0131 yak\u0131t\u0131 ba\u015fka kat\u0131 yak\u0131tlarla kar\u0131\u015ft\u0131ramaz.<\/p>\n\n\n\n<p>4-\u0130thalat\u00e7\u0131\/\u00fcretici, sat\u0131c\u0131lardan yak\u0131t\u0131n niteliklerini koruyacaklar\u0131na, IKHKK Y\u00f6netmeli\u011finde ve genelgelerde yaz\u0131l\u0131 hususlara uyacaklar\u0131na, IKHKK Y\u00f6netmeli\u011finde belirlenen \u00f6zelliklere sahip olmayan kat\u0131 yak\u0131t\u0131n sat\u0131\u015f\u0131 ve kullan\u0131m\u0131n\u0131n durdurulaca\u011f\u0131, t\u00fcketicinin u\u011frayaca\u011f\u0131 zararlar\u0131n kar\u015f\u0131lanmas\u0131 gibi hususlar\u0131 i\u00e7eren taahh\u00fctname alabilir veya s\u00f6zle\u015fme yapabilirler.<\/p>\n\n\n\n<p>5-\u0130thalat\u00e7\u0131\/\u00fcretici\/sat\u0131c\u0131, kat\u0131 yak\u0131tlar\u0131n ta\u015f\u0131nmas\u0131 s\u0131ras\u0131nda, kat\u0131 yak\u0131ta ait <strong>sat\u0131\u015f izin belgesi<\/strong>\u2019ni (ithalat\u00e7\u0131\/\u00fcretici taraf\u0131ndan fotokopisi onayl\u0131) ara\u00e7ta bulundurmak ve denetimler esnas\u0131nda yetkililere ibraz etmek zorundad\u0131rlar.<\/p>\n\n\n\n<p>6-\u0130thalat\u00e7\u0131\/\u00fcretici, EK-VII\u2019de yer alan bilgileri 3 ayl\u0131k d\u00f6nemler (ocak-mart, nisan-haziran,&nbsp; temmuz-eyl\u00fcl ve ekim-aral\u0131k) halinde, &nbsp;sat\u0131c\u0131lar ise EK-IV\u2019da yer alan bilgileri 6 ayl\u0131k d\u00f6nemler (ocak-haziran ve temmuz-aral\u0131k) halinde il \u00e7evre ve orman m\u00fcd\u00fcrl\u00fc\u011f\u00fcne bildirmek zorundad\u0131rlar.<\/p>\n\n\n\n<p>7-\u0130l \u00e7evre ve orman m\u00fcd\u00fcrl\u00fckleri, envanter olu\u015fturulmas\u0131 amac\u0131yla ithalat\u00e7\u0131\/\u00fcretici\/sat\u0131c\u0131 taraf\u0131ndan bildirilen (EK-IV ve EK- VII) kat\u0131 yak\u0131t (k\u00f6m\u00fcrler, briket k\u00f6m\u00fcrleri, biyok\u00fctle vb.) ile ilgili bilgileri, Bakanl\u0131\u011f\u0131m\u0131z <a href=\"http:\/\/web.archive.org\/web\/20230609181950\/http:\/\/www.cevreorman.gov.tr\/\">www.cevreorman.gov.tr<\/a> web sitesinde yer alan k\u00f6m\u00fcr bilgileri Excell tablosuna i\u015flenmek suretiyle <a href=\"http:\/\/web.archive.org\/web\/20230609181950\/mailto:isinmasubesi@gmail.com\">isinmasubesi@gmail.com<\/a> elektronik posta adresine Nisan ay\u0131n\u0131n sonuna kadar Bakanl\u0131\u011f\u0131m\u0131za bildirmeleri gerekmektedir.<\/p>\n\n\n\n<p><strong>\u0130halelere kat\u0131l\u0131m:<\/strong><\/p>\n\n\n\n<p>\u0130halenin yap\u0131laca\u011f\u0131 ilde <strong>kat\u0131 yak\u0131t sat\u0131c\u0131s\u0131 kay\u0131t belgesi <\/strong>almam\u0131\u015f olan ithalat\u00e7\u0131\/\u00fcretici\/sat\u0131c\u0131, kat\u0131 yak\u0131t ihalesine kat\u0131lmak istedikleri zaman, ithalat\u00e7\u0131lar i\u00e7in <strong>ithalat\u00e7\u0131 kay\u0131t belgesi <\/strong>(ithalat\u00e7\u0131 taraf\u0131ndan fotokopisi onayl\u0131), \u00fcreticiler i\u00e7in <strong>uygunluk izin belgesi <\/strong>(\u00fcretici taraf\u0131ndan fotokopisi onayl\u0131) ve sat\u0131c\u0131lar i\u00e7in ise herhangi bir ilde al\u0131nm\u0131\u015f <strong>kat\u0131 yak\u0131t sat\u0131c\u0131s\u0131 kay\u0131t belgesi<\/strong> (sat\u0131c\u0131 taraf\u0131ndan fotokopisi onayl\u0131) ile ihalelere kat\u0131labilirler. \u0130haleyi kazanan ithalat\u00e7\u0131\/\u00fcretici\/sat\u0131c\u0131, kat\u0131 yak\u0131ta ili\u015fkin (kontrol belgesi\/uygunluk izin belgesi, miktar vb.) bilgi ve belgeleri il \u00e7evre ve orman m\u00fcd\u00fcrl\u00fc\u011f\u00fcne vermek zorundad\u0131rlar.<\/p>\n\n\n\n<p><strong>Denetim:<\/strong><\/p>\n\n\n\n<p>1-Bakanl\u0131\u011f\u0131m\u0131z\u0131n 29\/06\/2006 tarih ve B.18.0.\u00c7YG.0.02.00.02\/7530 say\u0131l\u0131 Yetki Devri Genelgesi (2006\/19) kapsam\u0131nda; yetki devri yap\u0131lm\u0131\u015f B\u00fcy\u00fck\u015fehir, merkez il\u00e7e, il ve il\u00e7e belediyeleri kendi s\u0131n\u0131rlar\u0131 i\u00e7inde sat\u0131\u015fa sunulan kat\u0131 yak\u0131tlar\u0131n denetimi ve idari yapt\u0131r\u0131m karar\u0131n\u0131 verebilme yetkisine sahiptir ve yetki devri yap\u0131lm\u0131\u015f olan belediyeler ile il \u00e7evre orman m\u00fcd\u00fcrl\u00fckleri aras\u0131nda gerekli i\u015fbirli\u011fi sa\u011flanmal\u0131d\u0131r. Yetki devri yap\u0131lm\u0131\u015f olan belediyeler <strong>sat\u0131\u015f izin belgesi<\/strong> d\u00fczenleyemezler ve denetim s\u0131ras\u0131nda ithalat\u00e7\u0131\/\u00fcretici\/sat\u0131c\u0131dan bu genelgede belirtilen bilgi ve belge d\u0131\u015f\u0131nda her hangi bir bilgi ve belge isteyemezler.<\/p>\n\n\n\n<p>2- Belediyeler taraf\u0131ndan sat\u0131\u015fa sunulan kat\u0131 yak\u0131tlar\u0131n denetimi il \u00e7evre ve orman m\u00fcd\u00fcrl\u00fc\u011f\u00fcnce yap\u0131l\u0131r ve gerekli idari yapt\u0131r\u0131m karar\u0131 uygulan\u0131r.<\/p>\n\n\n\n<p>3-\u0130dari yapt\u0131r\u0131m kararlar\u0131 uygulanmas\u0131na esas te\u015fkil eden tutanaklar, \u00c7evre Kanununa G\u00f6re Verilecek \u0130dar\u00ee Para Cezalar\u0131nda \u0130hlalin Tespiti Ve Ceza Verilmesi \u0130le Tahsili Hakk\u0131nda Y\u00f6netmelik\u2019te belirtilen tutanaklar kullan\u0131l\u0131r.<\/p>\n\n\n\n<p>4-Tutanaklarda, denetime konu kat\u0131 yak\u0131t\u0131n miktar\u0131, ilgili belgelerinin (<strong>kat\u0131 yak\u0131t sat\u0131c\u0131s\u0131 kay\u0131t belgesi\/kontrol belgesi\/uygunluk izin belgesi\/sat\u0131\u015f izin belgesi)<\/strong> tarih ve say\u0131lar\u0131na mutlaka yer verilmesi gerekmektedir.<\/p>\n\n\n\n<p><strong>Uygulanacak m\u00fceyyideler:<\/strong><\/p>\n\n\n\n<p>1-Her bir kontrol belgesi\/uygunluk izin belgesi kapsam\u0131nda ithal edilen\/\u00fcretilen ve ilde sat\u0131\u015fa sunulan kat\u0131 yak\u0131t ile ilgili gerekli bilgi ve belgeleri \u0130l \u00c7evre ve Orman M\u00fcd\u00fcrl\u00fc\u011f\u00fcne bildirmeyen; yanl\u0131\u015f, yan\u0131lt\u0131c\u0131 ve yanl\u0131\u015f belge d\u00fczenleyen ve kat\u0131 yak\u0131t sat\u0131c\u0131s\u0131 kay\u0131t belgesi almam\u0131\u015f olan sat\u0131c\u0131lara kat\u0131 yak\u0131t teslim eden ithalat\u00e7\u0131\/\u00fcretici\/sat\u0131c\u0131ya 2872 say\u0131l\u0131 \u00c7evre Kanununun 12 nci, 20 nci (g) ve 26 nc\u0131 maddeleri h\u00fck\u00fcmleri uygulan\u0131r.<\/p>\n\n\n\n<p>2-Analize g\u00f6nderilen birinci numunenin analiz sonucunun uygun \u00e7\u0131kmamas\u0131 durumunda kat\u0131 yak\u0131t\u0131n sat\u0131\u015f\u0131 durdurulur ve miktar\u0131 tespit edilir. \u0130thalat\u00e7\u0131\/\u00fcretici\/sat\u0131c\u0131lardan birisi taraf\u0131ndan \u015fahit numunenin analizi istenildi\u011fi takdirde, \u015fahit numunenin analizi yapt\u0131r\u0131l\u0131r. \u015eahit numune analizinin olumlu \u00e7\u0131kmas\u0131 halinde kat\u0131 yak\u0131t\u0131n sat\u0131\u015f\u0131na devam edilir.<\/p>\n\n\n\n<p>3- Kat\u0131 yak\u0131t\u0131n \u015fahit numunesinin olumsuz \u00e7\u0131kmas\u0131 halinde \u00c7evre Kanunu\u2019nun 15 inci ve Ek 6 nc\u0131 maddeleri gere\u011fince <strong>numunenin temsil etti\u011fi <\/strong><strong>kat\u0131 yak\u0131t\u0131n miktar\u0131<\/strong> tespit edilerek sat\u0131\u015f\u0131 durdurulur ve sat\u0131\u015f izin belgesi o ilde iptal edilir. Kat\u0131 yak\u0131t ithalat\u00e7\u0131\/\u00fcretici taraf\u0131ndan toplat\u0131l\u0131r ve sadece sanayi ama\u00e7l\u0131 kullan\u0131l\u0131r. Bu i\u015flemler, il \u00e7evre ve orman m\u00fcd\u00fcrl\u00fc\u011f\u00fcn\u00fcn g\u00f6zetiminde yap\u0131l\u0131r. Ayr\u0131ca ithal yak\u0131t i\u00e7in ilgili Genelge ve D\u0131\u015f Ticarette Standardizasyon Tebli\u011fi gere\u011fince i\u015flem yap\u0131l\u0131r.<\/p>\n\n\n\n<p>4- Yerli\/ithal yak\u0131ta ili\u015fkin olarak <strong>Mahkemelerde<\/strong> a\u00e7\u0131lacak tespit davalar\u0131 veya Bakanl\u0131k\/il \u00e7evre ve orman m\u00fcd\u00fcrl\u00fc\u011f\u00fcn\u00fcn gerekli g\u00f6rmesi d\u0131\u015f\u0131nda yeni numune al\u0131nmayacakt\u0131r.<\/p>\n\n\n\n<p><strong>II- Motorlu<\/strong><strong> ta\u015f\u0131tlar:<\/strong><\/p>\n\n\n\n<p>Motorlu ta\u015f\u0131tlarla ilgili hususlarda Bakanl\u0131\u011f\u0131m\u0131zca yay\u0131nlanan 08.07.2005 tarih ve 25869 say\u0131l\u0131 Trafikte Seyreden Motorlu Kara Ta\u015f\u0131tlar\u0131ndan Kaynaklanan Egzoz Gaz\u0131 Emisyonlar\u0131n\u0131n Kontrol\u00fcne Dair Y\u00f6netmelik ile 31 Aral\u0131k 2007 tarih ve 21376 say\u0131l\u0131 2008\/1 Genelgesinde belirtilen hususlara uyulmas\u0131 gerekmektedir.<\/p>\n\n\n\n<p><strong>III- Sanayi tesisleri:<\/strong><\/p>\n\n\n\n<p>End\u00fcstriyel Tesislerle ilgili hususlarda Bakanl\u0131\u011f\u0131m\u0131zca yay\u0131nlanan 22 Temmuz 2006 Tarih ve 26236 say\u0131l\u0131 End\u00fcstri Tesislerinden Kaynaklanan Hava Kirlili\u011finin Kontrol\u00fc Y\u00f6netmeli\u011fi ile 18 Temmuz 2007 Tarihli 2007\/7 Genelgesinde belirtilen hususlara uyulmas\u0131 gerekmektedir.<\/p>\n\n\n\n<p><strong>IV-Halk\u0131n bilgilendirilmesi:<\/strong><\/p>\n\n\n\n<p>1-Hava kirli\u011finin yo\u011fun oldu\u011fu g\u00fcnlerde almas\u0131 gereken \u00f6nlemler konusunda gerekli hassasiyeti g\u00f6stermesi i\u00e7in Halk\u0131n bilin\u00e7lendirilmesi ve bilgilendirilmesi,<\/p>\n\n\n\n<p>2-Halk\u0131n duyarl\u0131l\u0131\u011f\u0131n\u0131n artt\u0131r\u0131lmas\u0131 i\u00e7in hava kirlili\u011fi \u00f6l\u00e7\u00fcm sonu\u00e7lar\u0131n\u0131n g\u00fcnl\u00fck olarak halka duyurulmas\u0131,<\/p>\n\n\n\n<p>3-Hava kirlili\u011finin yo\u011fun oldu\u011fu g\u00fcnlerde \u00f6\u011frencilerin a\u00e7\u0131k alanda t\u00f6ren yapmalar\u0131n\u0131n \u00f6nlenmesi,<\/p>\n\n\n\n<p>4-Hava kirlili\u011fi ile ilgili e\u011fitici programlar\u0131n d\u00fczenlenmesi,<\/p>\n\n\n\n<p>5-T\u00fcketicilerin y\u00f6netmelik ve bu genelgede belirtilen \u00f6zelliklerdeki yak\u0131tlar\u0131 kullanmalar\u0131,<\/p>\n\n\n\n<p>6-Ba\u015fta resmi bina ve okullar olmak \u00fczere yeni bina yap\u0131m\u0131nda \u0131s\u0131 yal\u0131t\u0131m projelerinin uygulanmas\u0131,<\/p>\n\n\n\n<p>7-\u00d6zellikle k\u0131\u015f gelmeden \u00f6nce binalarda \u0131s\u0131 ka\u00e7a\u011f\u0131 olan noktalarda ( pencere ve d\u0131\u015f kap\u0131larda) al\u0131nacak \u00f6nlemlerle ilgili olarak halk\u0131n bilin\u00e7lendirilmesi, camlar\u0131n \u00e7ift caml\u0131 olmas\u0131n\u0131n yak\u0131t t\u00fcketimindeki faydalar\u0131n halka anlat\u0131lmas\u0131 ve binalarda \u00f6zellikle d\u0131\u015ftan yal\u0131t\u0131m yap\u0131ld\u0131\u011f\u0131nda yak\u0131t t\u00fcketiminde ne kadar azalma olaca\u011f\u0131 konusunda bilgilendirilmesi,<\/p>\n\n\n\n<p>8-Okullarda ve resmi binalarda de\u011fi\u015ftirilmesi gereken pencerelerin \u0131s\u0131 caml\u0131 pencere kullan\u0131lacak \u015fekilde de\u011fi\u015ftirilmesi ve kaloriferli okullarda radyat\u00f6rlerde termostatl\u0131 vana kullan\u0131lmas\u0131,<\/p>\n\n\n\n<p>9-Okullarda ve resmi binalarda giri\u015f kap\u0131s\u0131n\u0131n kendili\u011finden kapanabilir ve hava s\u0131zd\u0131rmaz yap\u0131lmas\u0131, \u00f6nem arz etmektedir.<\/p>\n\n\n\n<p><strong>V-Yetki devri:<\/strong><\/p>\n\n\n\n<p>Bakanl\u0131\u011f\u0131m\u0131z Genelgesinin (2006\/19) ekindeki Ek\u2019li listede yer alan ve yetki devri yap\u0131lm\u0131\u015f belediyelerin yetkisini kaybetmesi veya gerekli \u015fartlar\u0131 sa\u011flay\u0131p \u00e7evre denetim birimini kuran yeni belediyelere sat\u0131\u015fa sunulan kat\u0131 yak\u0131tlar\u0131n denetimi ve idari yapt\u0131r\u0131m karar\u0131 verme yetki devrinin yap\u0131lmas\u0131na ili\u015fkin bilgiler \u0130l \u00c7evre ve Orman M\u00fcd\u00fcrl\u00fc\u011f\u00fcn\u00fczce Bakanl\u0131\u011f\u0131m\u0131za ivedi olarak bildirilmesi halinde ilgili Kanun, Y\u00f6netmelik ve Genelge (2006\/19) kapsam\u0131nda yetki devri iptali veya yeni yetki devri yap\u0131lmas\u0131 hususu de\u011ferlendirilecektir.<\/p>\n\n\n\n<p><strong>VI<\/strong>\u2013<strong>Y\u00fcr\u00fcrl\u00fckten kald\u0131r\u0131lan d\u00fczenlemeler:<\/strong><\/p>\n\n\n\n<p>1-Bakanl\u0131\u011f\u0131n 25\/07\/2007 tarihli ve B.18.0.\u00c7YG.0.02.02\u2013010.06\u201312419 say\u0131l\u0131 Hava Kirlili\u011finin Kontrol\u00fc (2007\/8) Genelgesi <strong>y\u00fcr\u00fcrl\u00fckten kald\u0131r\u0131lm\u0131\u015ft\u0131r<\/strong><\/p>\n\n\n\n<p>2-Bakanl\u0131\u011f\u0131n 21\/01\/2008 tarihli ve B.18.0.\u00c7YD.0.02.00.05\/1054 (2008\/2) say\u0131l\u0131 Genelgenin 1 inci maddesinin (i)&nbsp; bendinde belirtilen Sat\u0131\u015f \u0130zin Belgesi Takip Formunun istenmesi hususu ve 11 inci maddesinin (d) f\u0131kras\u0131 <strong>y\u00fcr\u00fcrl\u00fckten kald\u0131r\u0131lm\u0131\u015ft\u0131r.<\/strong><\/p>\n\n\n\n<p>Bu \u00e7er\u00e7evede, bu genelgede belirtilen konulara \u00f6nem verilerek hava kirlili\u011fi ile ilgili ciddi m\u00fccadele verilmesi, uygulanmas\u0131, gerekli denetimlerin yap\u0131lmas\u0131 ve Belediye Ba\u015fkanl\u0131klar\u0131na, Kaymakaml\u0131klara ve di\u011fer ilgili kurum\/kurulu\u015f\/birimlere duyurulmas\u0131n\u0131n sa\u011flanmas\u0131 ve her kurum\/kurulu\u015f\/birimin kendine d\u00fc\u015fen g\u00f6revleri yerine getirmeleri hususunda bilgilerinizi ve gere\u011fini arz ve rica ederim.<\/p>\n\n\n\n<p>Prof. Dr. Veysel ERO\u011eLU<\/p>\n\n\n\n<p>Bakan<\/p>\n\n\n\n<p><strong>EKLER:<\/strong><\/p>\n\n\n\n<p>EK-I:S\u0131n\u0131r De\u011ferlerinin A\u015f\u0131ld\u0131\u011f\u0131 \u0130l\/\u0130l\u00e7eler<\/p>\n\n\n\n<p>EK-II:S\u0131n\u0131r De\u011ferlerinin A\u015f\u0131lmad\u0131\u011f\u0131 \u0130l\/\u0130l\u00e7eler<\/p>\n\n\n\n<p>EK-III:Uygunluk \u0130zin Belgesi \u00d6rne\u011fi<\/p>\n\n\n\n<p>EK-IV:Sat\u0131\u015f \u0130zin Belgesi \u00d6rne\u011fi<\/p>\n\n\n\n<p>EK-V: Kat\u0131 Yak\u0131t Sat\u0131c\u0131s\u0131 Kay\u0131t Belgesi \u00d6rne\u011fi<\/p>\n\n\n\n<p>EK-VI: Sat\u0131c\u0131lar \u0130\u00e7in Teslim Edilen Kat\u0131 Yak\u0131t Bildirim Tablosu \u00d6rne\u011fi<\/p>\n\n\n\n<p>EK-VII: \u0130thalat\u00e7\u0131\/\u00dcretici \u0130\u00e7in Teslim Edilen Kat\u0131 Yak\u0131t Bildirim Tablosu \u00d6rne\u011fi<\/p>\n\n\n\n<p><strong>DA\u011eITIM:<\/strong><\/p>\n\n\n\n<p><strong>Gere\u011fi i\u00e7in&nbsp;&nbsp;&nbsp;&nbsp;&nbsp;&nbsp;&nbsp;&nbsp;&nbsp;&nbsp;&nbsp;&nbsp;&nbsp;&nbsp;&nbsp;&nbsp;&nbsp;&nbsp;&nbsp;&nbsp;&nbsp;&nbsp;&nbsp;&nbsp;&nbsp;&nbsp;&nbsp;&nbsp;&nbsp;&nbsp;&nbsp;&nbsp;&nbsp;&nbsp;&nbsp;&nbsp;&nbsp;&nbsp;&nbsp;&nbsp;&nbsp;&nbsp;&nbsp;&nbsp;&nbsp;&nbsp;&nbsp;&nbsp;&nbsp;&nbsp;&nbsp; Bilgi i\u00e7in<\/strong><\/p>\n\n\n\n<p>-\u0130l \u00c7evre ve Orman M\u00fcd\u00fcrl\u00fcklerine&nbsp;&nbsp;&nbsp;&nbsp;&nbsp;&nbsp;&nbsp;&nbsp;&nbsp;&nbsp;&nbsp;&nbsp;&nbsp; -Ba\u015fbakanl\u0131k<\/p>\n\n\n\n<p>-\u0130\u00e7i\u015fleri Bakanl\u0131\u011f\u0131na<\/p>\n\n\n\n<p>-Sa\u011fl\u0131k Bakanl\u0131\u011f\u0131na<\/p>\n\n\n\n<p>-Enerji ve Tabii Kaynaklar Bakanl\u0131\u011f\u0131na<\/p>\n\n\n\n<p>EK-I<\/p>\n\n\n\n<p><strong>2008-2009 KI\u015e SEZONU \u0130\u00c7\u0130N<\/strong><\/p>\n\n\n\n<p><strong>I. GRUP K\u0130RL\u0130 \u0130LLER VE BU \u0130LLERE BA\u011eLI \u0130L\u00c7ELER\u0130N K\u0130RL\u0130L\u0130K DERECELER\u0130<\/strong><\/p>\n\n\n\n<figure class=\"wp-block-table\"><table><tbody><tr><td><strong>\u0130L\u0130N ADI<\/strong><\/td><td><strong>Merkez ve Merkez \u0130l\u00e7eler Kirlilik Grubu<\/strong><\/td><td><strong>I. Grup Kirli \u0130l\u00e7eler<\/strong><\/td><td><strong>II. Grup \u0130l\u00e7eler<\/strong><\/td><\/tr><tr><td>ADIYAMAN<\/td><td>I<\/td><td>&nbsp;<\/td><td>T\u00fcm \u0130l\u00e7eler<\/td><\/tr><tr><td>AFYONKARAHISAR<\/td><td>I<\/td><td>&nbsp;<\/td><td>T\u00fcm \u0130l\u00e7eler<\/td><\/tr><tr><td>A\u011eRI<\/td><td>I<\/td><td>&nbsp;<\/td><td>T\u00fcm \u0130l\u00e7eler<\/td><\/tr><tr><td>AKSARAY<\/td><td>I<\/td><td>&nbsp;<\/td><td>T\u00fcm \u0130l\u00e7eler<\/td><\/tr><tr><td>ANTALYA<\/td><td>I<\/td><td>T\u00fcm \u0130l\u00e7eler<\/td><td>&nbsp;<\/td><\/tr><tr><td>AMASYA<\/td><td>I<\/td><td>&nbsp;<\/td><td>T\u00fcm \u0130l\u00e7eler<\/td><\/tr><tr><td>ANKARA<\/td><td>I<\/td><td>T\u00fcm \u0130l\u00e7eler<\/td><td>&nbsp;<\/td><\/tr><tr><td>BALIKES\u0130R<\/td><td>I<\/td><td>Band\u0131rma<\/td><td>Di\u011fer \u0130l\u00e7eler<\/td><\/tr><tr><td>BATMAN<\/td><td>I<\/td><td>&nbsp;<\/td><td>T\u00fcm \u0130l\u00e7eler<\/td><\/tr><tr><td>B\u0130LEC\u0130K<\/td><td>I<\/td><td>Boz\u00f6y\u00fck<\/td><td>Di\u011fer \u0130l\u00e7eler<\/td><\/tr><tr><td>B\u0130NG\u00d6L<\/td><td>I<\/td><td>&nbsp;<\/td><td>T\u00fcm \u0130l\u00e7eler<\/td><\/tr><tr><td>B\u0130TL\u0130S<\/td><td><strong>I<\/strong><\/td><td>&nbsp;<\/td><td>T\u00fcm \u0130l\u00e7eler<\/td><\/tr><tr><td>BOLU<\/td><td>I<\/td><td>&nbsp;<\/td><td>T\u00fcm \u0130l\u00e7eler<\/td><\/tr><tr><td>BURDUR<\/td><td>I<\/td><td>T\u00fcm \u0130l\u00e7eler<\/td><td>&nbsp;<\/td><\/tr><tr><td>BURSA<\/td><td>I<\/td><td>Di\u011fer \u0130l\u00e7eler<\/td><td>Orhaneli, Kele\u015f, Harmanc\u0131k, B\u00fcy\u00fckorhon, Yeni\u015fehir<\/td><\/tr><tr><td>\u00c7ANAKKALE<\/td><td>I<\/td><td>Biga, \u00c7an, Gelibolu<\/td><td>Di\u011fer \u0130l\u00e7eler<\/td><\/tr><tr><td>\u00c7ANKIRI<\/td><td>I<\/td><td>&nbsp;<\/td><td>T\u00fcm \u0130l\u00e7eler<\/td><\/tr><tr><td>\u00c7ORUM<\/td><td>I<\/td><td>&nbsp;<\/td><td>T\u00fcm \u0130l\u00e7eler<\/td><\/tr><tr><td>DEN\u0130ZL\u0130<\/td><td>I<\/td><td>&nbsp;<\/td><td>T\u00fcm \u0130l\u00e7eler<\/td><\/tr><tr><td>D\u0130YARBAKIR<\/td><td>I<\/td><td>T\u00fcm Merkez \u0130l\u00e7eler<\/td><td>Di\u011fer \u0130l\u00e7eler<\/td><\/tr><tr><td>D\u00dcZCE<\/td><td>I<\/td><td>Cumayeri, \u00c7ilimli, G\u00f6lyaka, G\u00fcm\u00fc\u015fova, Kayna\u015fl\u0131<\/td><td>Ak\u00e7akoca, Y\u0131\u011f\u0131lca<\/td><\/tr><tr><td>ELAZI\u011e<\/td><td>I<\/td><td>&nbsp;<\/td><td>T\u00fcm \u0130l\u00e7eler<\/td><\/tr><tr><td>ED\u0130RNE<\/td><td>I<\/td><td>&nbsp;<\/td><td>T\u00fcm \u0130l\u00e7eler<\/td><\/tr><tr><td>ERZURUM<\/td><td>I<\/td><td>T\u00fcm Merkez \u0130l\u00e7eler, A\u015fkale, Aziziye(Il\u0131ca), Pasinler<\/td><td>Di\u011fer \u0130l\u00e7eler &nbsp;<\/td><\/tr><tr><td>GAZ\u0130ANTEP<\/td><td>I<\/td><td>T\u00fcm Merkez \u0130l\u00e7eler, \u015eahinbey,Araban, Karkam\u0131\u015f, Nizip, \u015eehitkamil, O\u011fuzeli, Yavuzeli<\/td><td>Di\u011fer \u0130l\u00e7eler<\/td><\/tr><tr><td>HAKKAR\u0130<\/td><td>I<\/td><td>T\u00fcm \u0130l\u00e7eler<\/td><td>&nbsp;<\/td><\/tr><tr><td>ISPARTA<\/td><td>I<\/td><td>&nbsp;<\/td><td>T\u00fcm \u0130l\u00e7eler<\/td><\/tr><tr><td>\u0130STANBUL<\/td><td>I<\/td><td>T\u00fcm Merkez \u0130l\u00e7eler ve Di\u011fer \u0130l\u00e7eler<\/td><td>&nbsp;<\/td><\/tr><tr><td>\u0130ZM\u0130R<\/td><td>I<\/td><td>Merkez ve T\u00fcm \u0130l\u00e7eler<\/td><td>&nbsp;<\/td><\/tr><tr><td>KARAB\u00dcK<\/td><td>I<\/td><td>Safranbolu<\/td><td>Di\u011fer \u0130l\u00e7eler<\/td><\/tr><tr><td colspan=\"4\">EK-I (devam) &nbsp; <strong>2008-2009 KI\u015e SEZONU \u0130\u00c7\u0130N<\/strong> <strong>I. GRUP K\u0130RL\u0130 \u0130LLER VE BU \u0130LLERE BA\u011eLI \u0130L\u00c7ELER\u0130N K\u0130RL\u0130L\u0130K DERECELER\u0130<\/strong><\/td><\/tr><tr><td><strong>\u0130L\u0130N ADI<\/strong> &nbsp;<\/td><td><strong>Merkez ve Merkez \u0130l\u00e7eler Kirlilik Grubu<\/strong><\/td><td><strong>I. Grup Kirli \u0130l\u00e7eler<\/strong><\/td><td><strong>II. Grup \u0130l\u00e7eler<\/strong><\/td><\/tr><tr><td>KARS<\/td><td>I<\/td><td>Ka\u011f\u0131zman, Sar\u0131kam\u0131\u015f, Selim, Susuz<\/td><td>Di\u011fer \u0130l\u00e7eler<\/td><\/tr><tr><td>KAYSER\u0130<\/td><td>I<\/td><td>T\u00fcm Merkez \u0130l\u00e7eler, B\u00fcnyan, \u00d6zvatan, Tomarza<\/td><td>Di\u011fer \u0130l\u00e7eler<\/td><\/tr><tr><td>KIRIKKALE<\/td><td>I<\/td><td>&nbsp;<\/td><td>T\u00fcm \u0130l\u00e7eler<\/td><\/tr><tr><td>KIRKLAREL\u0130<\/td><td>I<\/td><td>L\u00fcleburgaz<\/td><td>Di\u011fer \u0130l\u00e7eler<\/td><\/tr><tr><td>KIR\u015eEH\u0130R<\/td><td>I<\/td><td>Ak\u00e7akent, Boztepe, Kaman, Akp\u0131nar, Mucur, \u00c7icekda\u011f\u0131<\/td><td>&nbsp;<\/td><\/tr><tr><td>KOCAEL\u0130<\/td><td>I<\/td><td>T\u00fcm \u0130l\u00e7eler<\/td><td>&nbsp;<\/td><\/tr><tr><td>KONYA<\/td><td>I<\/td><td>T\u00fcm Merkez \u0130l\u00e7eler(Meram, Sel\u00e7uklu, karatay), Ak\u015fehir, Bey\u015fehir, \u00c7umra, Ere\u011fli, Ilg\u0131n, Seydi\u015fehir<\/td><td>Di\u011fer \u0130l\u00e7eler<\/td><\/tr><tr><td>K\u00dcTAHYA<\/td><td>I<\/td><td>Emet, Gediz, Tav\u015fanl\u0131<\/td><td>Di\u011fer \u0130l\u00e7eler<\/td><\/tr><tr><td>MALATYA<\/td><td>I<\/td><td>Battalgazi, Ye\u015filyurt<\/td><td>Di\u011fer \u0130l\u00e7eler<\/td><\/tr><tr><td>MAN\u0130SA<\/td><td>I<\/td><td>Ahmetli, Akhisar, G\u00f6lmarmara, K\u0131rka\u011fa\u00e7, Salihli, Saruhanl\u0131, Soma, Turgutlu<\/td><td>Di\u011fer \u0130l\u00e7eler<\/td><\/tr><tr><td>MARD\u0130N<\/td><td>I<\/td><td>K\u0131z\u0131ltepe, Midyat, Nusaybin<\/td><td>Di\u011fer \u0130l\u00e7eler<\/td><\/tr><tr><td>K.MARA\u015e<\/td><td>I<\/td><td>Af\u015fin, Elbistan<\/td><td>Di\u011fer \u0130l\u00e7eler<\/td><\/tr><tr><td>N\u0130\u011eDE<\/td><td>I<\/td><td>&nbsp;<\/td><td>T\u00fcm&nbsp; \u0130l\u00e7eler<\/td><\/tr><tr><td>ORDU<\/td><td>I<\/td><td>Fatsa, \u00dcnye<\/td><td>Di\u011fer \u0130l\u00e7eler<\/td><\/tr><tr><td>R\u0130ZE<\/td><td>I<\/td><td>Arde\u015fen, \u00c7ayeli, F\u0131nd\u0131kl\u0131, Pazar<\/td><td>Di\u011fer \u0130l\u00e7eler<\/td><\/tr><tr><td>SAKARYA<\/td><td>I<\/td><td>Akyaz\u0131, Hendek, S\u00f6\u011f\u00fctc\u00fc<\/td><td>Di\u011fer \u0130l\u00e7eler<\/td><\/tr><tr><td>SAMSUN<\/td><td>I<\/td><td>T\u00fcm Merkez \u0130l\u00e7eler, \u00c7ar\u015famba, Tekkek\u00f6y<\/td><td>Di\u011fer \u0130l\u00e7eler<\/td><\/tr><tr><td>S\u0130\u0130RT<\/td><td>I<\/td><td>&nbsp;<\/td><td>T\u00fcm \u0130l\u00e7eler<\/td><\/tr><tr><td>S\u0130VAS<\/td><td>I<\/td><td>&nbsp;<\/td><td>T\u00fcm \u0130l\u00e7eler<\/td><\/tr><tr><td>\u015eIRNAK<\/td><td>I<\/td><td>&nbsp;<\/td><td>T\u00fcm \u0130l\u00e7eler<\/td><\/tr><tr><td>TEK\u0130RDA\u011e<\/td><td>I<\/td><td>\u00c7orlu, \u00c7erkezk\u00f6y, M. Ere\u011flisi<\/td><td>Di\u011fer \u0130l\u00e7eler<\/td><\/tr><tr><td>TOKAT<\/td><td>I<\/td><td>Almus, Zile, Erbaa, Niksar, Re\u015fadiye, Turhal<\/td><td>Di\u011fer \u0130l\u00e7eler<\/td><\/tr><tr><td>TRABZON<\/td><td>I<\/td><td>Ak\u00e7aabat<\/td><td>Di\u011fer \u0130l\u00e7eler<\/td><\/tr><tr><td>U\u015eAK<\/td><td>I<\/td><td>&nbsp;<\/td><td>T\u00fcm \u0130l\u00e7eler<\/td><\/tr><tr><td>YALOVA<\/td><td>I<\/td><td>&nbsp;<\/td><td>T\u00fcm \u0130l\u00e7eler<\/td><\/tr><tr><td>YOZGAT<\/td><td>I<\/td><td>Sorgun<\/td><td>Di\u011fer \u0130l\u00e7eler<\/td><\/tr><tr><td>ZONGULDAK<\/td><td>I<\/td><td>T\u00fcm \u0130l\u00e7eler<\/td><td>&nbsp;<\/td><\/tr><tr><td>VAN<\/td><td>I<\/td><td>&nbsp;<\/td><td>T\u00fcm \u0130l\u00e7eler<\/td><\/tr><\/tbody><\/table><\/figure>\n\n\n\n<p>EK-II<\/p>\n\n\n\n<p><strong>2008-2009 KI\u015e SEZONU \u0130\u00c7\u0130N<\/strong><\/p>\n\n\n\n<p><strong>II. GRUP K\u0130RL\u0130 \u0130LLER VE BU \u0130LLERE BA\u011eLI \u0130L\u00c7ELER\u0130N K\u0130RL\u0130L\u0130K DERECELER\u0130<\/strong><\/p>\n\n\n\n<figure class=\"wp-block-table\"><table><tbody><tr><td>\u0130L\u0130N ADI<\/td><td>Merkez ve Merkez \u0130l\u00e7eler Kirlilik Grubu<\/td><td>I. Grup Kirli \u0130l\u00e7eler<\/td><td>II. Grup Kirli \u0130l\u00e7eler<\/td><\/tr><tr><td>ADANA<\/td><td>II<\/td><td><\/td><td>T\u00fcm \u0130l\u00e7eler<\/td><\/tr><tr><td>ARDAHAN<\/td><td>II<\/td><td>&nbsp;<\/td><td>T\u00fcm \u0130l\u00e7eler<\/td><\/tr><tr><td>ARTV\u0130N<\/td><td>II<\/td><td>&nbsp;<\/td><td>T\u00fcm \u0130l\u00e7eler<\/td><\/tr><tr><td>AYDIN<\/td><td>II<\/td><td>&nbsp;<\/td><td>T\u00fcm \u0130l\u00e7eler<\/td><\/tr><tr><td>BARTIN<\/td><td>II<\/td><td><\/td><td>T\u00fcm \u0130l\u00e7eler<\/td><\/tr><tr><td>BAYBURT<\/td><td>II<\/td><td><\/td><td>T\u00fcm \u0130l\u00e7eler<\/td><\/tr><tr><td>ERZ\u0130NCAN<\/td><td>II<\/td><td><\/td><td>T\u00fcm \u0130l\u00e7eler<\/td><\/tr><tr><td>ESK\u0130\u015eEH\u0130R<\/td><td>II<\/td><td><strong><em>&nbsp;<\/em><\/strong><\/td><td>T\u00fcm \u0130l\u00e7eler<\/td><\/tr><tr><td>G\u0130RESUN<\/td><td>II<\/td><td><\/td><td>T\u00fcm \u0130l\u00e7eler<\/td><\/tr><tr><td>G\u00dcM\u00dc\u015eHANE<\/td><td>II<\/td><td>&nbsp;<\/td><td>T\u00fcm \u0130l\u00e7eler<\/td><\/tr><tr><td>HATAY<\/td><td>II<\/td><td>\u0130skenderun, D\u00f6rtyol<\/td><td>Di\u011fer \u0130l\u00e7eler<\/td><\/tr><tr><td>I\u011eDIR<\/td><td>II<\/td><td>&nbsp;<\/td><td>T\u00fcm \u0130l\u00e7eler<\/td><\/tr><tr><td>\u0130\u00c7EL<\/td><td>II<\/td><td><\/td><td>T\u00fcm \u0130l\u00e7eler<\/td><\/tr><tr><td>KASTAMONU<\/td><td>II<\/td><td><\/td><td>T\u00fcm \u0130l\u00e7eler<\/td><\/tr><tr><td>KARAMAN<\/td><td>II<\/td><td><\/td><td>T\u00fcm \u0130l\u00e7eler<\/td><\/tr><tr><td>K\u0130L\u0130S<\/td><td>II<\/td><td><\/td><td>T\u00fcm \u0130l\u00e7eler<\/td><\/tr><tr><td>MU\u011eLA<\/td><td>II<\/td><td>Yata\u011fan<\/td><td>Di\u011fer \u0130l\u00e7eler<\/td><\/tr><tr><td>MU\u015e<\/td><td>II<\/td><td><\/td><td>T\u00fcm \u0130l\u00e7eler<\/td><\/tr><tr><td>NEV\u015eEH\u0130R<\/td><td>II<\/td><td><\/td><td>T\u00fcm \u0130l\u00e7eler<\/td><\/tr><tr><td>OSMAN\u0130YE<\/td><td>II<\/td><td><\/td><td>T\u00fcm \u0130l\u00e7eler<\/td><\/tr><tr><td>S\u0130NOP<\/td><td>II<\/td><td>&nbsp;<\/td><td>T\u00fcm \u0130l\u00e7eler<\/td><\/tr><tr><td>TUNCEL\u0130<\/td><td>II<\/td><td><\/td><td>T\u00fcm \u0130l\u00e7eler<\/td><\/tr><tr><td>\u015e.URFA<\/td><td>II<\/td><td><\/td><td>T\u00fcm \u0130l\u00e7eler<\/td><\/tr><\/tbody><\/table><\/figure>\n\n\n\n<p><strong>&nbsp;&nbsp;&nbsp;&nbsp;&nbsp;&nbsp;&nbsp;&nbsp;&nbsp;&nbsp;&nbsp;&nbsp;&nbsp;&nbsp;&nbsp;&nbsp;&nbsp;&nbsp;&nbsp;&nbsp;&nbsp;&nbsp;&nbsp;&nbsp;&nbsp;&nbsp;&nbsp;&nbsp;&nbsp;&nbsp;&nbsp;&nbsp;&nbsp;&nbsp;&nbsp;&nbsp;&nbsp;&nbsp;&nbsp;&nbsp;&nbsp;&nbsp;&nbsp;&nbsp;&nbsp;&nbsp;&nbsp;&nbsp;&nbsp;&nbsp;&nbsp;&nbsp;&nbsp;&nbsp;&nbsp;&nbsp;&nbsp;&nbsp;&nbsp;&nbsp;&nbsp;&nbsp;&nbsp;&nbsp;&nbsp;&nbsp;&nbsp;&nbsp;&nbsp;&nbsp;&nbsp;&nbsp;&nbsp;&nbsp;&nbsp;&nbsp;&nbsp;&nbsp;&nbsp;&nbsp;&nbsp;&nbsp;&nbsp;&nbsp; EK-III<\/strong><\/p>\n\n\n\n<p><strong>T.C.&nbsp;&nbsp;&nbsp;&nbsp;&nbsp;&nbsp;&nbsp;&nbsp;&nbsp;&nbsp;&nbsp;&nbsp;&nbsp;&nbsp;&nbsp;&nbsp;&nbsp;&nbsp;&nbsp;&nbsp;&nbsp;&nbsp;&nbsp;&nbsp;&nbsp;&nbsp;&nbsp;&nbsp;&nbsp;&nbsp;&nbsp;&nbsp;&nbsp;&nbsp;&nbsp;&nbsp;&nbsp;&nbsp;&nbsp;&nbsp;&nbsp;&nbsp;&nbsp;&nbsp;&nbsp;&nbsp;&nbsp;&nbsp;&nbsp;&nbsp;&nbsp;&nbsp;&nbsp;&nbsp;&nbsp;&nbsp;&nbsp;&nbsp;&nbsp;&nbsp;&nbsp;&nbsp;&nbsp;&nbsp;&nbsp;&nbsp;&nbsp;&nbsp;&nbsp;&nbsp;&nbsp;&nbsp;&nbsp;&nbsp;<\/strong><\/p>\n\n\n\n<p><strong>\u2026\u2026\u2026\u2026\u2026\u2026..VAL\u0130L\u0130\u011e\u0130<\/strong><\/p>\n\n\n\n<p><strong>\u0130l \u00c7evre ve Orman M\u00fcd\u00fcrl\u00fc\u011f\u00fc<\/strong><\/p>\n\n\n\n<p><strong>Tarih&nbsp;&nbsp;&nbsp;&nbsp;&nbsp;&nbsp;&nbsp;&nbsp;&nbsp;&nbsp;&nbsp;&nbsp;&nbsp; :&nbsp;&nbsp;&nbsp;&nbsp;&nbsp;&nbsp;&nbsp;&nbsp;&nbsp;&nbsp;&nbsp;&nbsp;&nbsp;&nbsp;&nbsp;&nbsp;&nbsp;&nbsp;&nbsp;&nbsp;&nbsp;&nbsp;&nbsp;&nbsp;&nbsp;&nbsp;&nbsp;&nbsp;&nbsp;&nbsp;&nbsp;&nbsp;&nbsp;&nbsp;&nbsp;&nbsp;&nbsp;&nbsp;&nbsp;&nbsp;&nbsp;&nbsp;&nbsp;&nbsp;&nbsp;&nbsp;&nbsp;&nbsp;&nbsp;&nbsp;&nbsp;&nbsp;&nbsp;&nbsp;&nbsp;&nbsp;&nbsp;&nbsp;&nbsp;&nbsp;&nbsp;&nbsp;&nbsp;&nbsp;&nbsp;&nbsp;&nbsp;&nbsp;&nbsp;&nbsp;&nbsp;&nbsp;&nbsp;&nbsp;&nbsp;&nbsp;&nbsp;&nbsp;&nbsp;&nbsp;&nbsp;&nbsp;&nbsp;&nbsp;&nbsp;&nbsp;&nbsp;&nbsp;&nbsp;&nbsp;&nbsp;&nbsp;&nbsp;&nbsp;&nbsp;&nbsp;&nbsp;&nbsp;&nbsp;&nbsp;&nbsp;&nbsp;&nbsp;&nbsp;&nbsp;&nbsp;&nbsp;&nbsp;&nbsp;&nbsp;&nbsp;&nbsp;&nbsp;&nbsp;&nbsp; &nbsp;&nbsp;&nbsp;&nbsp;&nbsp;&nbsp;&nbsp;&nbsp;&nbsp;&nbsp;&nbsp;&nbsp;&nbsp;&nbsp;&nbsp;&nbsp;&nbsp; &nbsp;&nbsp;&nbsp;&nbsp;&nbsp;&nbsp;&nbsp;&nbsp;&nbsp;&nbsp;&nbsp;&nbsp;&nbsp;&nbsp;&nbsp;&nbsp;<\/strong><\/p>\n\n\n\n<p><strong>Belge No&nbsp;&nbsp;&nbsp;&nbsp;&nbsp;&nbsp;&nbsp; : ( \u0130l Trafik Kodu.KYS.S\u0131ra no)<\/strong><\/p>\n\n\n\n<p><strong>&nbsp;&nbsp;&nbsp;&nbsp;&nbsp;&nbsp;&nbsp;&nbsp;&nbsp;&nbsp;&nbsp;&nbsp;&nbsp;&nbsp;&nbsp;&nbsp;&nbsp;&nbsp;&nbsp;&nbsp;&nbsp;&nbsp;&nbsp;&nbsp;&nbsp; ( \u00d6rnek: 06.KYS.001)<\/strong><\/p>\n\n\n\n<p><strong>KATI YAKIT SATICISI KAYIT BELGES\u0130<\/strong><\/p>\n\n\n\n<p><strong>Firma Ad\u0131&nbsp;&nbsp;&nbsp;&nbsp;&nbsp;&nbsp;&nbsp;&nbsp;&nbsp;&nbsp;&nbsp;&nbsp; :<\/strong><\/p>\n\n\n\n<p><strong>Adresi&nbsp;&nbsp;&nbsp;&nbsp;&nbsp;&nbsp;&nbsp;&nbsp;&nbsp;&nbsp;&nbsp;&nbsp;&nbsp;&nbsp;&nbsp;&nbsp;&nbsp;&nbsp; :<\/strong><\/p>\n\n\n\n<p>Yukar\u0131da ad\u0131 ve a\u00e7\u0131k adresi belirtilen \u015fah\u0131s\/firma\/\u015firket,&nbsp; ilimizde \u0131s\u0131nma maksatl\u0131 kat\u0131 yak\u0131t sat\u0131c\u0131s\u0131 olarak kay\u0131tl\u0131d\u0131r.<\/p>\n\n\n\n<p>Yetkili<\/p>\n\n\n\n<p>\u0130mza<\/p>\n\n\n\n<p>M\u00fch\u00fcr<\/p>\n\n\n\n<p>EK-IV<\/p>\n\n\n\n<p>\u2026\u2026VAL\u0130L\u0130\u011e\u0130<\/p>\n\n\n\n<p>\u0130l \u00c7evre ve Orman M\u00fcd\u00fcrl\u00fc\u011f\u00fcne<\/p>\n\n\n\n<p>&nbsp;Valili\u011finizce, firmam\u0131z ad\u0131na d\u00fczenlenmi\u015f olan \u2026\u2026tarih ve ..\u2026\u2026\u2026\u2026\u2026\u2026..numaral\u0131 \u201cKat\u0131 Yak\u0131t Sat\u0131c\u0131s\u0131 Kay\u0131t Belgesi\u201d \u00e7er\u00e7evesinde 6 ayl\u0131k (ocak-haziran ve temmuz-aral\u0131k)&nbsp; d\u00f6neminde&nbsp; \u0131s\u0131nma maksatl\u0131 olarak sat\u0131\u015fa sunulan&nbsp; yak\u0131tlara ait bilgiler a\u015fa\u011f\u0131da yer almaktad\u0131r.<\/p>\n\n\n\n<figure class=\"wp-block-table\"><table><tbody><tr><td>\u0130thalat\u00e7\u0131\/\u00dcretici Firma Ad\u0131<\/td><td>Kontrol Belgesi Tarih ve Numaras\u0131<\/td><td>Uygunluk \u0130zin Belgesi Tarih ve Numaras\u0131<\/td><td>Teslim Al\u0131nan Yak\u0131t Miktar\u0131 (ton)<\/td><td>D\u00f6nem \u0130\u00e7erisinde Sat\u0131lan Yak\u0131t Miktar\u0131 (ton)<\/td><td>Sat\u0131lmayan (Stok) Yak\u0131t Miktar\u0131 (ton)<\/td><\/tr><tr><td>&nbsp;<\/td><td>&nbsp;<\/td><td>&nbsp;<\/td><td>&nbsp;<\/td><td>&nbsp;<\/td><td>&nbsp;<\/td><\/tr><tr><td>&nbsp;<\/td><td>&nbsp;<\/td><td>&nbsp;<\/td><td>&nbsp;<\/td><td>&nbsp;<\/td><td>&nbsp;<\/td><\/tr><tr><td>&nbsp;<\/td><td>&nbsp;<\/td><td>&nbsp;<\/td><td>&nbsp;<\/td><td>&nbsp;<\/td><td>&nbsp;<\/td><\/tr><tr><td>&nbsp;<\/td><td>&nbsp;<\/td><td>&nbsp;<\/td><td>&nbsp;<\/td><td>&nbsp;<\/td><td>&nbsp;<\/td><\/tr><tr><td>&nbsp;<\/td><td>&nbsp;<\/td><td>&nbsp;<\/td><td>&nbsp;<\/td><td>&nbsp;<\/td><td>&nbsp;<\/td><\/tr><tr><td>&nbsp;<\/td><td>&nbsp;<\/td><td>&nbsp;<\/td><td>&nbsp;<\/td><td>&nbsp;<\/td><td>&nbsp;<\/td><\/tr><tr><td>&nbsp;<\/td><td>&nbsp;<\/td><td>&nbsp;<\/td><td>&nbsp;<\/td><td>&nbsp;<\/td><td>&nbsp;<\/td><\/tr><tr><td>&nbsp;<\/td><td>&nbsp;<\/td><td>&nbsp;<\/td><td>&nbsp;<\/td><td>&nbsp;<\/td><td>&nbsp;<\/td><\/tr><tr><td>&nbsp;<\/td><td>&nbsp;<\/td><td>&nbsp;<\/td><td>&nbsp;<\/td><td>&nbsp;<\/td><td>&nbsp;<\/td><\/tr><tr><td>&nbsp;<\/td><td>&nbsp;<\/td><td>&nbsp;<\/td><td>&nbsp;<\/td><td>&nbsp;<\/td><td>&nbsp;<\/td><\/tr><tr><td>&nbsp;<\/td><td>&nbsp;<\/td><td>&nbsp;<\/td><td>&nbsp;<\/td><td>&nbsp;<\/td><td>&nbsp;<\/td><\/tr><tr><td>&nbsp;<\/td><td>&nbsp;<\/td><td>&nbsp;<\/td><td>&nbsp;<\/td><td>&nbsp;<\/td><td>&nbsp;<\/td><\/tr><tr><td>&nbsp;<\/td><td>&nbsp;<\/td><td>&nbsp;<\/td><td>&nbsp;<\/td><td>&nbsp;<\/td><td>&nbsp;<\/td><\/tr><tr><td>&nbsp;<\/td><td>&nbsp;<\/td><td>&nbsp;<\/td><td>&nbsp;<\/td><td>&nbsp;<\/td><td>&nbsp;<\/td><\/tr><tr><td>&nbsp;<\/td><td>&nbsp;<\/td><td>&nbsp;<\/td><td>&nbsp;<\/td><td>&nbsp;<\/td><td>&nbsp;<\/td><\/tr><\/tbody><\/table><\/figure>\n\n\n\n<p>Sat\u0131c\u0131 Firma ad\u0131<\/p>\n\n\n\n<p>Firma yetkilisi<\/p>\n\n\n\n<p>\u0130mza<\/p>\n\n\n\n<p>EK-V<\/p>\n\n\n\n<p><strong>T.C.<\/strong><\/p>\n\n\n\n<p><strong>\u2026\u2026\u2026\u2026\u2026\u2026..\u2026\u2026VAL\u0130L\u0130\u011e\u0130<\/strong><\/p>\n\n\n\n<p>(\u0130l \u00c7evre ve Orman M\u00fcd\u00fcrl\u00fc\u011f\u00fc)<\/p>\n\n\n\n<p>SAYI&nbsp; :<strong>B.18.4.\u0130\u00c7O.\u2026\u2026\u2026\u2026\u2026\u2026-135.99-<\/strong>&nbsp;&nbsp;&nbsp;&nbsp;&nbsp;&nbsp;&nbsp;&nbsp;&nbsp;&nbsp;&nbsp;&nbsp;&nbsp;&nbsp;&nbsp;&nbsp;&nbsp;&nbsp;&nbsp;&nbsp;&nbsp;&nbsp;&nbsp;&nbsp;&nbsp;&nbsp;&nbsp;&nbsp;&nbsp;&nbsp;&nbsp;&nbsp;&nbsp;&nbsp; Tarih:\u2026..\/\u2026..\/2008<\/p>\n\n\n\n<p>KONU: <strong>Uygunluk \u0130zin Belgesi<\/strong><\/p>\n\n\n\n<p><strong>\u2026\u2026\u2026\u2026\u2026\u2026\u2026\u2026\u2026\u2026\u2026\u2026.<\/strong><\/p>\n\n\n\n<p>\u0130lgi:\u2026\u2026\u2026\u2026\u2026..tarih ve \u2026\u2026\u2026\u2026\u2026\u2026..\u2026say\u0131l\u0131 yaz\u0131n\u0131z.<\/p>\n\n\n\n<p>\u0130lgi yaz\u0131n\u0131z ekindeki <strong>Analiz Belgesi<\/strong>, \u0130l \u00c7evre ve Orman M\u00fcd\u00fcrl\u00fc\u011f\u00fcm\u00fczce incelenmi\u015ftir. Bu analiz belgesinde belirtilen kat\u0131 yak\u0131t\u0131n \u0131s\u0131nma amac\u0131yla Is\u0131nmadan Kaynaklanan Hava Kirlili\u011finin Kontrol\u00fc Y\u00f6netmeli\u011fi\u2019nin 28 inci maddesine g\u00f6re <strong>a\u015fa\u011f\u0131da belirtilen yerlerde<\/strong> kullan\u0131lmas\u0131 \u0130l \u00c7evre ve Orman M\u00fcd\u00fcrl\u00fc\u011f\u00fcm\u00fczce uygun g\u00f6r\u00fclm\u00fc\u015f olup, \u2026\u2026 ton yak\u0131t i\u00e7in i\u015f bu <strong>Uygunluk \u0130zin Belgesi<\/strong> d\u00fczenlenmi\u015ftir.<\/p>\n\n\n\n<p>Kullan\u0131m yeri: <strong>I.Grup \u0130l ve \u0130l\u00e7eler\/II. Grup \u0130l ve \u0130l\u00e7eler\/K\u00f6y ve beldelerde<\/strong><\/p>\n\n\n\n<figure class=\"wp-block-table\"><table><tbody><tr><td>Yak\u0131t &nbsp;\u00d6zellikleri<\/td><td>Y\u00f6netmelik (Tablo\u2026..) S\u0131n\u0131r De\u011ferleri<\/td><td>Uygunluk \u0130zin Belgesi Verilen Yak\u0131t\u0131n Analiz Sonu\u00e7lar\u0131<\/td><\/tr><tr><td>Toplam K\u00fck\u00fcrt (kuru bazda)<\/td><td>max.<\/td><td>&nbsp;<\/td><\/tr><tr><td>Alt Is\u0131l De\u011fer (orijinalde)<\/td><td>min Kcal\/kg (-200 tolerans)<\/td><td>&nbsp;<\/td><\/tr><tr><td>Toplam Nem (sat\u0131\u015fa sunulan)<\/td><td>max.<\/td><td>&nbsp;<\/td><\/tr><tr><td>K\u00fcl (kuru bazda)<\/td><td>max.<\/td><td>&nbsp;<\/td><\/tr><tr><td>Boyut *<\/td><td>18-150 mm(18 mmalt\u0131 max. %10 tolerans,150 mm\u00fcst\u00fc&nbsp; max.% 10 tolerans)<\/td><td>&nbsp;<\/td><\/tr><\/tbody><\/table><\/figure>\n\n\n\n<p>*Mekanik beslemeli yakma tesisleri i\u00e7in k\u00f6m\u00fcr boyutu 10-18 mmolabilir.<\/p>\n\n\n\n<p>\u0130l \u00c7evre ve Orman M\u00fcd\u00fcr\u00fc<\/p>\n\n\n\n<p>Ad\u0131 Soyad\u0131<\/p>\n\n\n\n<p>M\u00fch\u00fcr ve \u0130mza<\/p>\n\n\n\n<p>&nbsp;&nbsp;&nbsp;&nbsp;&nbsp;&nbsp;&nbsp;&nbsp;&nbsp;&nbsp;&nbsp;&nbsp;&nbsp;&nbsp;&nbsp;&nbsp;&nbsp;&nbsp;&nbsp;&nbsp;&nbsp;&nbsp;&nbsp;&nbsp;&nbsp;&nbsp;&nbsp;&nbsp;&nbsp;&nbsp;&nbsp;&nbsp;&nbsp;&nbsp;&nbsp;&nbsp;&nbsp;&nbsp;&nbsp;&nbsp;&nbsp;&nbsp;&nbsp;&nbsp;&nbsp;&nbsp;&nbsp;&nbsp;&nbsp;&nbsp;&nbsp;&nbsp;&nbsp;&nbsp;&nbsp;&nbsp;&nbsp;&nbsp;&nbsp;&nbsp;&nbsp;&nbsp;&nbsp;&nbsp;&nbsp;&nbsp;&nbsp;&nbsp;&nbsp;&nbsp;&nbsp;&nbsp;&nbsp;&nbsp;&nbsp;&nbsp;&nbsp;&nbsp;&nbsp;&nbsp;&nbsp;&nbsp;&nbsp;&nbsp;&nbsp;&nbsp;&nbsp;&nbsp;&nbsp;&nbsp;&nbsp;&nbsp;&nbsp;&nbsp;&nbsp;&nbsp;&nbsp;&nbsp;&nbsp;&nbsp;&nbsp;&nbsp;&nbsp;&nbsp;&nbsp;&nbsp;&nbsp;&nbsp;&nbsp;&nbsp;&nbsp;&nbsp;&nbsp;&nbsp;&nbsp;&nbsp;&nbsp;&nbsp;&nbsp;&nbsp;&nbsp;&nbsp;&nbsp;&nbsp;&nbsp;&nbsp;&nbsp;&nbsp;&nbsp;&nbsp;&nbsp;&nbsp;&nbsp;&nbsp;&nbsp;&nbsp;&nbsp;&nbsp;&nbsp;&nbsp; <strong>EK-VI<\/strong><\/p>\n\n\n\n<p><strong>T.C.<\/strong><\/p>\n\n\n\n<p><strong>\u2026\u2026\u2026\u2026\u2026\u2026..\u2026\u2026VAL\u0130L\u0130\u011e\u0130<\/strong><\/p>\n\n\n\n<p>(\u0130l \u00c7evre ve Orman M\u00fcd\u00fcrl\u00fc\u011f\u00fc)<\/p>\n\n\n\n<p>SAYI&nbsp; :<strong>B.18.4.\u0130\u00c7O.\u2026\u2026\u2026\u2026\u2026\u2026\u2026-135.99-<\/strong>&nbsp;&nbsp;&nbsp;&nbsp;&nbsp;&nbsp;&nbsp;&nbsp;&nbsp;&nbsp;&nbsp;&nbsp;&nbsp;&nbsp;&nbsp;&nbsp;&nbsp;&nbsp;&nbsp;&nbsp;&nbsp;&nbsp;&nbsp;&nbsp;&nbsp;&nbsp;&nbsp;&nbsp;&nbsp;&nbsp; Tarih:\u2026..\/\u2026..\/2008<\/p>\n\n\n\n<p>KONU: <strong>Sat\u0131\u015f \u0130zin Belgesi<\/strong><\/p>\n\n\n\n<p><strong>\u2026\u2026\u2026\u2026\u2026\u2026.<\/strong><\/p>\n\n\n\n<p>\u0130lgi:\u2026\u2026\u2026\u2026\u2026..tarihli ve \u2026\u2026\u2026\u2026\u2026\u2026..\u2026say\u0131l\u0131 yaz\u0131n\u0131z.<\/p>\n\n\n\n<p>\u0130lgi yaz\u0131n\u0131z ve ekinde bir kopyas\u0131 verilen \u2026\u2026\u2026\u2026\u2026..tarihli ve \u2026\u2026\u2026\u2026\u2026\u2026.\u2026\u2026.say\u0131l\u0131 <strong>Kontrol Belgesi\/Uygunluk \u0130zin Belgesi <\/strong>kapsam\u0131ndaki kat\u0131 yak\u0131t\u0131n ilimizde <strong>kat\u0131 yak\u0131t sat\u0131c\u0131s\u0131 kay\u0131t belgesi<\/strong>\u2019ne sahip sat\u0131c\u0131lar arac\u0131l\u0131\u011f\u0131yla sat\u0131lmas\u0131 hususu \u0130l \u00c7evre ve Orman M\u00fcd\u00fcrl\u00fc\u011f\u00fcm\u00fczce incelenmi\u015ftir.<\/p>\n\n\n\n<p>S\u00f6z konusu kat\u0131 yak\u0131t\u0131n a\u015fa\u011f\u0131da belirtilen veya ekte verilen&nbsp; <strong>kat\u0131 yak\u0131t sat\u0131c\u0131s\u0131 kay\u0131t belgesi<\/strong>\u2019ne sahip sat\u0131c\u0131lar arac\u0131l\u011f\u0131yla sat\u0131lmas\u0131 \u0130l \u00c7evre ve Orman M\u00fcd\u00fcrl\u00fc\u011f\u00fcm\u00fczce uygun g\u00f6r\u00fclm\u00fc\u015f olup, i\u015f bu belge <strong>Sat\u0131\u015f \u0130zin Belgesi<\/strong> olarak d\u00fczenlenmi\u015ftir.<\/p>\n\n\n\n<p>Bilgilerinizi ve gere\u011fini rica ederim.<\/p>\n\n\n\n<p>Yetkili<\/p>\n\n\n\n<p>\u0130mza<\/p>\n\n\n\n<p>EKLER<\/p>\n\n\n\n<p>EK-I: K<strong>at\u0131 yak\u0131t sat\u0131c\u0131s\u0131 kay\u0131t belgesi<\/strong>ne sahip sat\u0131c\u0131lar listesi<\/p>\n\n\n\n<p>EK-II \u0130thalat\u00e7\u0131\/\u00fcretici taraf\u0131ndan doldurulmas\u0131 gereken EK-VII Tablosu<\/p>\n\n\n\n<p>EK-VII<\/p>\n\n\n\n<p>\u2026\u2026VAL\u0130L\u0130\u011e\u0130<\/p>\n\n\n\n<p>\u0130l \u00c7evre ve Orman M\u00fcd\u00fcrl\u00fc\u011f\u00fcne<\/p>\n\n\n\n<p>&nbsp;\u015eahs\u0131m\/\u015firketimiz\/firmam\u0131z ad\u0131na d\u00fczenlenmi\u015f olan \u2026\u2026\u2026tarih ve \u2026\u2026\u2026\u2026\u2026\u2026..numaral\u0131 <strong>&nbsp;\u0130thalat\u00e7\u0131 Kay\u0131t Belgesi\/Uygunluk \u0130zin Belgesi <\/strong>\u00e7er\u00e7evesinde 3 ayl\u0131k (ocak-mart, nisan-haziran, temmuz-eyl\u00fcl ve ekim-aral\u0131k) d\u00f6nemde \u0131s\u0131nma maksatl\u0131 olarak ilinizde da\u011f\u0131t\u0131m\u0131 yap\u0131lan yak\u0131tlara ait bilgiler a\u015fa\u011f\u0131da yer almaktad\u0131r.<\/p>\n\n\n\n<figure class=\"wp-block-table\"><table><tbody><tr><td rowspan=\"2\">Kat\u0131 Yak\u0131t Sat\u0131c\u0131s\u0131 Kay\u0131t Belgesine Sahip \u0130thalat\u00e7\u0131\/\u00dcretici\/Sat\u0131c\u0131 Ad\u0131<\/td><td colspan=\"2\">Kat\u0131 Yak\u0131t Sat\u0131c\u0131s\u0131 Kay\u0131t Belgesi<\/td><td rowspan=\"2\">D\u00f6nem i\u00e7erisinde Teslim Edilen Yak\u0131t&nbsp; Miktar\u0131 (Ton)<\/td><td rowspan=\"2\">D\u00f6nem \u0130\u00e7erisinde \u0130ade Al\u0131nan Yak\u0131t Miktar\u0131 ( ton)<\/td><\/tr><tr><td>Tarih<\/td><td>Numaras\u0131<\/td><\/tr><tr><td>&nbsp;<\/td><td>&nbsp;<\/td><td>&nbsp;<\/td><td>&nbsp;<\/td><td>&nbsp;<\/td><\/tr><tr><td>&nbsp;<\/td><td>&nbsp;<\/td><td>&nbsp;<\/td><td>&nbsp;<\/td><td>&nbsp;<\/td><\/tr><tr><td>&nbsp;<\/td><td>&nbsp;<\/td><td>&nbsp;<\/td><td>&nbsp;<\/td><td>&nbsp;<\/td><\/tr><tr><td>&nbsp;<\/td><td>&nbsp;<\/td><td>&nbsp;<\/td><td>&nbsp;<\/td><td>&nbsp;<\/td><\/tr><tr><td>&nbsp;<\/td><td>&nbsp;<\/td><td>&nbsp;<\/td><td>&nbsp;<\/td><td>&nbsp;<\/td><\/tr><tr><td>&nbsp;<\/td><td>&nbsp;<\/td><td>&nbsp;<\/td><td>&nbsp;<\/td><td>&nbsp;<\/td><\/tr><tr><td>&nbsp;<\/td><td>&nbsp;<\/td><td>&nbsp;<\/td><td>&nbsp;<\/td><td>&nbsp;<\/td><\/tr><tr><td>&nbsp;<\/td><td>&nbsp;<\/td><td>&nbsp;<\/td><td>&nbsp;<\/td><td>&nbsp;<\/td><\/tr><tr><td>&nbsp;<\/td><td>&nbsp;<\/td><td>&nbsp;<\/td><td>&nbsp;<\/td><td>&nbsp;<\/td><\/tr><tr><td>&nbsp;<\/td><td>&nbsp;<\/td><td>&nbsp;<\/td><td>&nbsp;<\/td><td>&nbsp;<\/td><\/tr><tr><td>&nbsp;<\/td><td>&nbsp;<\/td><td>&nbsp;<\/td><td>&nbsp;<\/td><td>&nbsp;<\/td><\/tr><tr><td>&nbsp;<\/td><td>&nbsp;<\/td><td>&nbsp;<\/td><td>&nbsp;<\/td><td>&nbsp;<\/td><\/tr><tr><td>&nbsp;<\/td><td>&nbsp;<\/td><td>&nbsp;<\/td><td>&nbsp;<\/td><td>&nbsp;<\/td><\/tr><tr><td>&nbsp;<\/td><td>&nbsp;<\/td><td>&nbsp;<\/td><td>&nbsp;<\/td><td>&nbsp;<\/td><\/tr><tr><td>&nbsp;<\/td><td>&nbsp;<\/td><td>&nbsp;<\/td><td>&nbsp;<\/td><td>&nbsp;<\/td><\/tr><\/tbody><\/table><\/figure>\n\n\n\n<p>Firma ad\u0131<\/p>\n\n\n\n<p>Firma yetkilisi<\/p>\n\n\n\n<p>\u0130mza<\/p>\n","protected":false},"excerpt":{"rendered":"<p>T.C. \u00c7EVRE VE ORMAN BAKANLI\u011eI \u00c7evre Y\u00f6netimi Genel M\u00fcd\u00fcrl\u00fc\u011f\u00fc SAYI&nbsp;&nbsp; : B.18.0.\u00c7YG.0.02.02-010.06-14784&nbsp;&nbsp;&nbsp;&nbsp;&nbsp;&nbsp;&nbsp;&nbsp;&nbsp;&nbsp;&nbsp;&nbsp;&nbsp;&nbsp;&nbsp;&nbsp;&nbsp;&nbsp;&nbsp;&nbsp;&nbsp;&nbsp;&nbsp;&nbsp;&nbsp;&nbsp;&nbsp;&nbsp;&nbsp;&nbsp;&nbsp;&nbsp;&nbsp; 27 A\u011fustos 2008 KONU : Hava Kirlili\u011finin Kontrol\u00fc ve&nbsp;\u00d6nlenmesi GENELGE (2008\/ 11 ) &nbsp;Bilindi\u011fi \u00fczere, 8 May\u0131s 2003 tarih ve 25102 say\u0131l\u0131 Resmi Gazetede yay\u0131mlanarak y\u00fcr\u00fcrl\u00fc\u011fe giren 4856 say\u0131l\u0131 \u00c7evre ve Orman Bakanl\u0131\u011f\u0131 Te\u015fkilat ve G\u00f6revleri Hakk\u0131nda Kanunun \u00c7evre Y\u00f6netimi Genel M\u00fcd\u00fcrl\u00fc\u011f\u00fc\u2019n\u00fcn g\u00f6revlerinin&#8230;<\/p>\n","protected":false},"author":1,"featured_media":246,"comment_status":"closed","ping_status":"closed","sticky":false,"template":"","format":"standard","meta":{"magazine_newspaper_sidebar_layout":"","footnotes":""},"categories":[10],"tags":[],"class_list":["post-245","post","type-post","status-publish","format-standard","has-post-thumbnail","hentry","category-hukuk"],"_links":{"self":[{"href":"https:\/\/temizcevre.org\/index.php?rest_route=\/wp\/v2\/posts\/245","targetHints":{"allow":["GET"]}}],"collection":[{"href":"https:\/\/temizcevre.org\/index.php?rest_route=\/wp\/v2\/posts"}],"about":[{"href":"https:\/\/temizcevre.org\/index.php?rest_route=\/wp\/v2\/types\/post"}],"author":[{"embeddable":true,"href":"https:\/\/temizcevre.org\/index.php?rest_route=\/wp\/v2\/users\/1"}],"replies":[{"embeddable":true,"href":"https:\/\/temizcevre.org\/index.php?rest_route=%2Fwp%2Fv2%2Fcomments&post=245"}],"version-history":[{"count":1,"href":"https:\/\/temizcevre.org\/index.php?rest_route=\/wp\/v2\/posts\/245\/revisions"}],"predecessor-version":[{"id":247,"href":"https:\/\/temizcevre.org\/index.php?rest_route=\/wp\/v2\/posts\/245\/revisions\/247"}],"wp:featuredmedia":[{"embeddable":true,"href":"https:\/\/temizcevre.org\/index.php?rest_route=\/wp\/v2\/media\/246"}],"wp:attachment":[{"href":"https:\/\/temizcevre.org\/index.php?rest_route=%2Fwp%2Fv2%2Fmedia&parent=245"}],"wp:term":[{"taxonomy":"category","embeddable":true,"href":"https:\/\/temizcevre.org\/index.php?rest_route=%2Fwp%2Fv2%2Fcategories&post=245"},{"taxonomy":"post_tag","embeddable":true,"href":"https:\/\/temizcevre.org\/index.php?rest_route=%2Fwp%2Fv2%2Ftags&post=245"}],"curies":[{"name":"wp","href":"https:\/\/api.w.org\/{rel}","templated":true}]}}