{"id":277,"date":"2019-06-26T14:07:00","date_gmt":"2019-06-26T14:07:00","guid":{"rendered":"http:\/\/www.temizcevre.org\/?p=277"},"modified":"2024-05-29T14:09:43","modified_gmt":"2024-05-29T14:09:43","slug":"cevre-dostu-cocuklara-odul","status":"publish","type":"post","link":"https:\/\/temizcevre.org\/?p=277","title":{"rendered":"\u00c7evre Dostu \u00c7ocuklara \u00d6d\u00fcl"},"content":{"rendered":"\n<h3 class=\"wp-block-heading\"><strong>Temiz \u00c7evre Derne\u011fi\u2019nce (T\u00c7D) geleneksel hale getirilen ve ana temas\u0131 \u2018Temiz \u00c7evre\u2019 olan ilkokul ve <a href=\"http:\/\/web.archive.org\/web\/20230401235629\/http:\/\/temizcevre.org\/wp-content\/uploads\/2019\/06\/temiz-\u00e7evre-\u00f6d\u00fcl-t\u00f6reni.jpg\"><\/a>ortaokullar aras\u0131nda d\u00fczenlenen \u2018resim\u2019, \u2018foto\u011fraf\u2019, \u2018\u015fiir\u2019 ve \u2018kompozisyon\u2019 dallar\u0131nda dereceye giren \u00f6\u011frencilere \u00f6d\u00fclleri verildi.<\/strong><\/h3>\n\n\n\n<p>Akdeniz \u00dcniversitesi (A\u00dc) Sosyal Tesisleri\u2019ndeki \u00f6d\u00fcl t\u00f6reninin sunumunu Asl\u0131 Altan \u00fcstlendi. T\u00c7D Ba\u015fkan\u0131 Remziye Kartal Rosenblat t\u00f6rendeki konu\u015fmas\u0131nda, \u0130l Milli E\u011fitim M\u00fcd\u00fcrl\u00fc\u011f\u00fc-T\u00c7D i\u015fbirli\u011finde ba\u015flat\u0131lan yar\u0131\u015fmaya her ge\u00e7en y\u0131l okul ve \u00f6\u011frenci kat\u0131l\u0131m\u0131n\u0131n artt\u0131\u011f\u0131na dikkati \u00e7ekti. Rosenblat, \u201cAmac\u0131m\u0131z; \u00e7ocuklar\u0131m\u0131za k\u00fc\u00e7\u00fck ya\u015fta \u00e7evre bilincini a\u015f\u0131lamak. Destek veren okullar\u0131n y\u00f6netici, \u00f6\u011fretmen ve \u00f6\u011frencilerine, velilere te\u015fekk\u00fcr ediyorum\u201d dedi.<\/p>\n\n\n\n<p>T\u00f6rene kat\u0131lan \u00f6\u011frenci ve aileleri sonu\u00e7lar a\u00e7\u0131klan\u0131rken heyecan dolu anlar ya\u015fad\u0131. \u0130lk resim dal\u0131nda eserleri dereceye giren \u00f6\u011frencilerinin isimleri anons edildi. Yar\u0131\u015fmada il merkezi ve il\u00e7elerdeki \u00f6zel ve devlet okullar\u0131ndan 32 \u00f6\u011frencinin eserleri birincilik, ikincilik, \u00fc\u00e7\u00fcnc\u00fcl\u00fck, mansiyon \u00f6d\u00fcllerine lay\u0131k g\u00f6r\u00fcld\u00fc.<\/p>\n\n\n\n<p>T\u00c7D Ba\u015fkan\u0131 Remziye Rosenblat ile y\u00f6netim kurulu \u00fcyeleri ba\u015far\u0131l\u0131 \u00f6\u011frencilere madalya, para \u00f6d\u00fcl\u00fcn\u00fcn yan\u0131 s\u0131ra \u00e7e\u015fitli hediyeler verdi. Remziye Kartal Rosenblat, \u201cYar\u0131\u015fmaya \u00e7ok say\u0131da eser g\u00f6nderildi, derecelendirmekte olduk\u00e7a zorland\u0131k. Her eser bizi olduk\u00e7a duyguland\u0131rd\u0131, gelecek i\u00e7in \u00fcmitlendirdi. Bu y\u0131l ki konumuz \u2018Do\u011fa Bize Ne Veriyor\u2019 oldu. \u00c7ocuklar\u0131m\u0131z duygu, d\u00fc\u015f\u00fcnce ve hayallerini k\u00e2\u011f\u0131tlar\u0131n \u00fczerine resim, kompozisyon ve \u015fiir olarak yans\u0131tt\u0131\u201d dedi.<\/p>\n\n\n\n<p>\u00d6d\u00fcllerini alan \u00e7ocuklar ise gelecek y\u0131l tekrar yar\u0131\u015fmaya kat\u0131lacaklar\u0131n\u0131 s\u00f6yledi.<\/p>\n","protected":false},"excerpt":{"rendered":"<p>Temiz \u00c7evre Derne\u011fi\u2019nce (T\u00c7D) geleneksel hale getirilen ve ana temas\u0131 \u2018Temiz \u00c7evre\u2019 olan ilkokul ve ortaokullar aras\u0131nda d\u00fczenlenen \u2018resim\u2019, \u2018foto\u011fraf\u2019, \u2018\u015fiir\u2019 ve \u2018kompozisyon\u2019 dallar\u0131nda dereceye giren \u00f6\u011frencilere \u00f6d\u00fclleri verildi. Akdeniz \u00dcniversitesi (A\u00dc) Sosyal Tesisleri\u2019ndeki \u00f6d\u00fcl t\u00f6reninin sunumunu Asl\u0131 Altan \u00fcstlendi. T\u00c7D Ba\u015fkan\u0131 Remziye Kartal Rosenblat t\u00f6rendeki konu\u015fmas\u0131nda, \u0130l Milli E\u011fitim M\u00fcd\u00fcrl\u00fc\u011f\u00fc-T\u00c7D i\u015fbirli\u011finde ba\u015flat\u0131lan yar\u0131\u015fmaya her&#8230;<\/p>\n","protected":false},"author":1,"featured_media":0,"comment_status":"closed","ping_status":"closed","sticky":false,"template":"","format":"standard","meta":{"magazine_newspaper_sidebar_layout":"","footnotes":""},"categories":[26],"tags":[],"class_list":["post-277","post","type-post","status-publish","format-standard","hentry","category-aktivite-duyurulari"],"_links":{"self":[{"href":"https:\/\/temizcevre.org\/index.php?rest_route=\/wp\/v2\/posts\/277","targetHints":{"allow":["GET"]}}],"collection":[{"href":"https:\/\/temizcevre.org\/index.php?rest_route=\/wp\/v2\/posts"}],"about":[{"href":"https:\/\/temizcevre.org\/index.php?rest_route=\/wp\/v2\/types\/post"}],"author":[{"embeddable":true,"href":"https:\/\/temizcevre.org\/index.php?rest_route=\/wp\/v2\/users\/1"}],"replies":[{"embeddable":true,"href":"https:\/\/temizcevre.org\/index.php?rest_route=%2Fwp%2Fv2%2Fcomments&post=277"}],"version-history":[{"count":1,"href":"https:\/\/temizcevre.org\/index.php?rest_route=\/wp\/v2\/posts\/277\/revisions"}],"predecessor-version":[{"id":278,"href":"https:\/\/temizcevre.org\/index.php?rest_route=\/wp\/v2\/posts\/277\/revisions\/278"}],"wp:attachment":[{"href":"https:\/\/temizcevre.org\/index.php?rest_route=%2Fwp%2Fv2%2Fmedia&parent=277"}],"wp:term":[{"taxonomy":"category","embeddable":true,"href":"https:\/\/temizcevre.org\/index.php?rest_route=%2Fwp%2Fv2%2Fcategories&post=277"},{"taxonomy":"post_tag","embeddable":true,"href":"https:\/\/temizcevre.org\/index.php?rest_route=%2Fwp%2Fv2%2Ftags&post=277"}],"curies":[{"name":"wp","href":"https:\/\/api.w.org\/{rel}","templated":true}]}}