{"id":30,"date":"2012-09-30T13:54:00","date_gmt":"2012-09-30T13:54:00","guid":{"rendered":"https:\/\/thebootstrapthemes.com\/demo\/magazine-newspaper\/?p=28"},"modified":"2024-05-29T13:56:02","modified_gmt":"2024-05-29T13:56:02","slug":"new-sport-that-is-winning-that-world","status":"publish","type":"post","link":"https:\/\/temizcevre.org\/?p=30","title":{"rendered":"30.09.2012 Temiz \u00c7evre Derne\u011fi Toplant\u0131 Notlar\u0131"},"content":{"rendered":"\n<p>Temiz \u00c7evre Derne\u011fi 30.09.2012 g\u00fcn\u00fc saat 10.00\u2019da Akdeniz \u00dcniversitesi Sosyal Tesislerinde kahvalt\u0131da 4.d\u00f6nem a\u00e7\u0131l\u0131\u015f\u0131n\u0131 yapt\u0131.<\/p>\n\n\n\n<p>Temiz \u00c7evre Derne\u011fi Ba\u015fkan\u0131 Remziye Kartal Rosenblat taraf\u0131ndan bir konu\u015fma yap\u0131lm\u0131\u015f olup a\u015fa\u011f\u0131da konu\u015fma metnini aktar\u0131yoruz:<\/p>\n\n\n\n<p>\u201c Sevgili Arkada\u015flar, K\u0131ymetli Misafirler;<\/p>\n\n\n\n<p>28.08.2008 tarihinde ilk toplant\u0131m\u0131z\u0131 yapt\u0131\u011f\u0131m\u0131zdaki heyecan\u0131m\u0131z hi\u00e7 azalmad\u0131. 17.09.2008 tarihinde resmi onay\u0131m\u0131z\u0131 ald\u0131k. Tam d\u00f6rt y\u0131ld\u0131r beraberiz. \u015eahs\u0131m ad\u0131na ben sizlerle birlikte \u00e7ok \u015fey \u00f6\u011frendim, ayd\u0131nland\u0131m, \u00e7evremin fark\u0131na vard\u0131m.<\/p>\n\n\n\n<p>Mevcut sosyal ve siyasi ortamda \u00e7ok az kimse \u00e7evresine \u00f6nem veriyor.<\/p>\n\n\n\n<p>\u0130nsanlar kendi kendilerinden rahats\u0131z. \u015eehirlerden&nbsp; do\u011faya biraz daha yak\u0131n olabilece\u011fi alanlara ka\u00e7\u0131yor. Ba\u015fka canl\u0131lar ile birlikte ya\u015famak ihtiyac\u0131m\u0131z. \u0130nsan yerle\u015fim alanlar\u0131 ve h\u0131zl\u0131 n\u00fcfus art\u0131\u015f\u0131 ile her yeri kirleten mevcut sistemde biz karanl\u0131ktaki \u00e7ok zay\u0131f ve titrek \u0131\u015f\u0131\u011f\u0131z.<\/p>\n\n\n\n<p>\u015eimdi g\u00fcc\u00fcm\u00fcz yok. Ama gelece\u011fi ayd\u0131nlatan ve gelecekte vazge\u00e7ilmez olan bir ideale sahibiz.&nbsp; \u0130nsanlar ve t\u00fcm canl\u0131lar\u0131n ya\u015fanabilir temiz bir \u00e7evrede birlikte ve uyum i\u00e7inde varl\u0131klar\u0131n\u0131 devam ettirmelerini diliyoruz. Bu ortak \u00fclk\u00fcm\u00fcz benim ya\u015fam\u0131ma anlam veriyor, i\u00e7imdeki bo\u015flu\u011fu yok etti. Sizlerin ya\u015famlar\u0131n\u0131 da anlamland\u0131rd\u0131\u011f\u0131na inan\u0131yorum. T\u00fcm katk\u0131lar\u0131n\u0131zdan dolay\u0131 hepinize ayr\u0131 ayr\u0131 te\u015fekk\u00fcr ederim. \u0130yi ki vars\u0131n\u0131z. \u201c<\/p>\n\n\n\n<p>Ba\u015fkan Yard\u0131mc\u0131s\u0131 Halime T\u00fcrkfiliz taraf\u0131ndan \u201cOrtak Alanlar Resim yar\u0131\u015fmas\u0131 ile ilgili olarak Halide Soysal ve Mukadder \u00d6zt\u00fcrk\u2019e se\u00e7ici komite taraf\u0131ndan haz\u0131rlan\u0131p y\u00f6netim taraf\u0131ndan kabul edilen a\u015fa\u011f\u0131da yaz\u0131l\u0131 plaketler takdim edildi:<\/p>\n\n\n\n<p>\u201c&nbsp;&nbsp; Say\u0131n Halide Soysal;<\/p>\n\n\n\n<p>2012 y\u0131l\u0131 etkinliklerimizden \u2018Ortak Alanlar Resim Yar\u0131\u015fmas\u0131na\u2019 kat\u0131l\u0131m\u0131n\u0131z ve ba\u015far\u0131l\u0131 eserinizden dolay\u0131 sizi kutluyoruz. \u0130nsanlar ve t\u00fcm canl\u0131lar i\u00e7in ya\u015fanabilir temiz bir \u00e7evrenin olu\u015fumunda hayal g\u00fcc\u00fcn\u00fcn s\u0131n\u0131rlar\u0131n\u0131 geni\u015fleten eserinizle derne\u011fimizin idealine yapt\u0131\u011f\u0131n\u0131z katk\u0131lardan dolay\u0131 te\u015fekk\u00fcr eder, ba\u015far\u0131lar\u0131n\u0131z\u0131n devam\u0131n\u0131 dileriz. \u201c<\/p>\n\n\n\n<p>\u201cSay\u0131n Mukadder \u00d6zt\u00fcrk&nbsp;;<\/p>\n\n\n\n<p>2012 y\u0131l\u0131 etkinliklerimizden \u2018Ortak Alanlar Resim Yar\u0131\u015fmas\u0131na\u2019 kat\u0131l\u0131m\u0131n\u0131z ve ba\u015far\u0131l\u0131 eserinizden dolay\u0131 sizi kutluyoruz. Eseriniz&nbsp;;&nbsp; insanlar ve t\u00fcm canl\u0131lar\u0131n ya\u015fanabilir temiz bir \u00e7evrede birlikte ve uyum i\u00e7inde varl\u0131klar\u0131n\u0131 devam ettirmeleri i\u00e7in biraz sevgi ve ilginin yeterli oldu\u011funu ortaya koymaktad\u0131r. Sanat\u0131n\u0131z ile derne\u011fimizin amac\u0131na yapt\u0131\u011f\u0131n\u0131z katk\u0131lardan dolay\u0131 \u00e7ok te\u015fekk\u00fcr ediyor, ba\u015far\u0131lar\u0131n\u0131z\u0131n devam\u0131n\u0131 diliyoruz. \u201c<\/p>\n\n\n\n<p>Mermer ocaklar\u0131 ve bitti\u011fi halde yeniden in\u015faat haline gelen yollar hakk\u0131nda bilgi verildi. Mermer Ocaklar\u0131n\u0131n \u00e7evreye verdi\u011fi zarar, a\u00e7\u0131lan ve i\u015fletilmeyen ocaklar\u0131n yar\u0131m b\u0131rak\u0131lmas\u0131 ve a\u011fa\u00e7land\u0131r\u0131lmamas\u0131 sebebiyle olu\u015fan olumsuz \u00e7evresel de\u011fi\u015fimler , oca\u011f\u0131 \u00e7al\u0131\u015ft\u0131ran \u015firketlerce a\u011f\u0131r tonajl\u0131 kamyonlar\u0131n ge\u00e7i\u015fi nedeniyle yollar\u0131n bozulmas\u0131 konusunda a\u00e7\u0131klamalar yap\u0131ld\u0131. Antalya a\u00e7\u0131klar\u0131nda deniz dibinde gaz birikimi oldu\u011fu ve bunun depreme sebep olabilece\u011fi, g\u00fcne\u015ften elektrik \u00fcretilmesi ile ilgili olarak yap\u0131lan son \u00e7al\u0131\u015fmalar konusunda bilgi verildi.<\/p>\n\n\n\n<p>Yap\u0131lan toplant\u0131 sonunda;<\/p>\n\n\n\n<p>1-&nbsp;&nbsp;&nbsp;&nbsp;&nbsp; Bundan sonraki kahvalt\u0131 organizasyonlar\u0131n\u0131n \u00fcyemiz Fikret \u00d6zayd\u0131n taraf\u0131ndan y\u00fcr\u00fct\u00fclmesine,<\/p>\n\n\n\n<p>2-&nbsp;&nbsp;&nbsp;&nbsp;&nbsp; Mermer Ocaklar\u0131 ile ilgili olarak Maden Dairesine yaz\u0131 yaz\u0131lmas\u0131na,<\/p>\n\n\n\n<p>3-&nbsp;&nbsp;&nbsp;&nbsp;&nbsp; Mukadder \u00d6zt\u00fcrk ve Halide Soysal\u2019\u0131n teklifinin kabul\u00fc ile dernek yarar\u0131na resim sergisi a\u00e7\u0131lmas\u0131na, Yusuf Demir\u2019in de foto\u011fraflar\u0131 ile kat\u0131lmas\u0131na,<\/p>\n\n\n\n<p>4-&nbsp;&nbsp;&nbsp;&nbsp;&nbsp; Birsen \u00d6zayd\u0131n taraf\u0131ndan gelecek toplant\u0131dan sonra olmak \u00fczere dernek yarar\u0131na konser d\u00fczenlenmesine,<\/p>\n\n\n\n<p>5-&nbsp;&nbsp;&nbsp;&nbsp;&nbsp; Birsen \u00d6zayd\u0131n\u2019\u0131n Antalya G\u00fc\u00e7birli\u011fi Toplant\u0131lar\u0131nda derne\u011fimizi temsil etmesine,<\/p>\n\n\n\n<p>6-&nbsp;&nbsp;&nbsp;&nbsp;&nbsp; Murat \u00dcz\u00fcm\u2019\u00fcn ayl\u0131k 150.-TL\u2019yi ge\u00e7meyecek \u015fekilde dernek ad\u0131na bir d\u00fckkan tutmas\u0131na,<\/p>\n\n\n\n<p>7-&nbsp;&nbsp;&nbsp;&nbsp;&nbsp; De\u011ferli geri d\u00f6n\u00fc\u015f\u00fcm malzemesi \u015fi\u015fe kapaklar\u0131n\u0131n t\u00fcm \u00fcyeler taraf\u0131ndan toplan\u0131lmas\u0131na ve Fikret \u00d6zayd\u0131n\u2019a teslim edilmesine,<\/p>\n\n\n\n<p>8-&nbsp;&nbsp;&nbsp;&nbsp;&nbsp; &nbsp;Bir sonraki toplant\u0131n\u0131n araya giren Kurban Bayram\u0131 tatili sebebiyle 04.11.2012 tarihinde yap\u0131lmas\u0131na karar verildi.<\/p>\n\n\n\n<p>\u00c7ok kat\u0131l\u0131ml\u0131 ve \u00e7ok ne\u015feli bir toplant\u0131 oldu. Geleneksel foto\u011fraf\u0131 her zamanki de\u011ferli bas\u0131n s\u00f6zc\u00fcm\u00fcz ve foto\u011frafc\u0131m\u0131z Yusuf Demir \u00e7ekti. Bir sonraki toplant\u0131da bulu\u015fulmak \u00fczere toplant\u0131ya son verildi. 30.09.2012<\/p>\n\n\n\n<p>Remziye Kartal Rosenblat<\/p>\n","protected":false},"excerpt":{"rendered":"<p>Temiz \u00c7evre Derne\u011fi 30.09.2012 g\u00fcn\u00fc saat 10.00\u2019da Akdeniz \u00dcniversitesi Sosyal Tesislerinde kahvalt\u0131da 4.d\u00f6nem a\u00e7\u0131l\u0131\u015f\u0131n\u0131 yapt\u0131. Temiz \u00c7evre Derne\u011fi Ba\u015fkan\u0131 Remziye Kartal Rosenblat taraf\u0131ndan bir konu\u015fma yap\u0131lm\u0131\u015f olup a\u015fa\u011f\u0131da konu\u015fma metnini aktar\u0131yoruz: \u201c Sevgili Arkada\u015flar, K\u0131ymetli Misafirler; 28.08.2008 tarihinde ilk toplant\u0131m\u0131z\u0131 yapt\u0131\u011f\u0131m\u0131zdaki heyecan\u0131m\u0131z hi\u00e7 azalmad\u0131. 17.09.2008 tarihinde resmi onay\u0131m\u0131z\u0131 ald\u0131k. Tam d\u00f6rt y\u0131ld\u0131r beraberiz. \u015eahs\u0131m ad\u0131na&#8230;<\/p>\n","protected":false},"author":1,"featured_media":241,"comment_status":"closed","ping_status":"closed","sticky":false,"template":"","format":"standard","meta":{"magazine_newspaper_sidebar_layout":"","footnotes":""},"categories":[11],"tags":[],"class_list":["post-30","post","type-post","status-publish","format-standard","has-post-thumbnail","hentry","category-toplanti-kararlari"],"_links":{"self":[{"href":"https:\/\/temizcevre.org\/index.php?rest_route=\/wp\/v2\/posts\/30","targetHints":{"allow":["GET"]}}],"collection":[{"href":"https:\/\/temizcevre.org\/index.php?rest_route=\/wp\/v2\/posts"}],"about":[{"href":"https:\/\/temizcevre.org\/index.php?rest_route=\/wp\/v2\/types\/post"}],"author":[{"embeddable":true,"href":"https:\/\/temizcevre.org\/index.php?rest_route=\/wp\/v2\/users\/1"}],"replies":[{"embeddable":true,"href":"https:\/\/temizcevre.org\/index.php?rest_route=%2Fwp%2Fv2%2Fcomments&post=30"}],"version-history":[{"count":1,"href":"https:\/\/temizcevre.org\/index.php?rest_route=\/wp\/v2\/posts\/30\/revisions"}],"predecessor-version":[{"id":242,"href":"https:\/\/temizcevre.org\/index.php?rest_route=\/wp\/v2\/posts\/30\/revisions\/242"}],"wp:featuredmedia":[{"embeddable":true,"href":"https:\/\/temizcevre.org\/index.php?rest_route=\/wp\/v2\/media\/241"}],"wp:attachment":[{"href":"https:\/\/temizcevre.org\/index.php?rest_route=%2Fwp%2Fv2%2Fmedia&parent=30"}],"wp:term":[{"taxonomy":"category","embeddable":true,"href":"https:\/\/temizcevre.org\/index.php?rest_route=%2Fwp%2Fv2%2Fcategories&post=30"},{"taxonomy":"post_tag","embeddable":true,"href":"https:\/\/temizcevre.org\/index.php?rest_route=%2Fwp%2Fv2%2Ftags&post=30"}],"curies":[{"name":"wp","href":"https:\/\/api.w.org\/{rel}","templated":true}]}}