{"id":307,"date":"2024-05-30T12:39:08","date_gmt":"2024-05-30T12:39:08","guid":{"rendered":"http:\/\/www.temizcevre.org\/?p=307"},"modified":"2024-05-30T12:42:04","modified_gmt":"2024-05-30T12:42:04","slug":"antalya-cevre-muhendisleri-odasindan-kuraklik-uyarisi","status":"publish","type":"post","link":"https:\/\/temizcevre.org\/?p=307","title":{"rendered":"Antalya \u00c7evre M\u00fchendisleri Odas\u0131ndan Kurakl\u0131k Uyar\u0131s\u0131"},"content":{"rendered":"\n<p>Meteoroloji Genel M\u00fcd\u00fcrl\u00fc\u011f\u00fc&#8217;n\u00fcn 2023-2024 su y\u0131l\u0131 verilerine g\u00f6re, \u00fclkemizde genel olarak normalleri civar\u0131nda ya\u011f\u0131\u015flar ger\u00e7ekle\u015fmi\u015f olsa da, Antalya, Isparta ve Burdur illerinde \u015eubat-Nisan d\u00f6nemi \u00f6zelinde ciddi kurakl\u0131k belirtileri g\u00f6zlemlenmi\u015ftir. \u015eu unutulmamal\u0131d\u0131r ki: meteorolojik kurakl\u0131k s\u0131ras\u0131yla tar\u0131msal kurakl\u0131k ve hidrolojik kurakl\u0131\u011f\u0131n habercisidir ve meteorolojik kurakl\u0131\u011f\u0131n ne zaman bitece\u011fi belli de\u011fildir.<\/p>\n\n\n\n<p>Bu ba\u011flamda, \u00c7evre M\u00fchendisleri Odas\u0131 Antalya \u015eubesi olarak bu zor d\u00f6nemin \u00fcstesinden nas\u0131l gelebilece\u011fimiz konusunda baz\u0131 \u00f6nemli bilgilendirmeler ve \u00f6nerilerde bulunmak istiyoruz. \u00c7\u00fcnk\u00fc biliyoruz ki sadece birlikte hareket ederek diren\u00e7lili\u011fimizi artt\u0131r\u0131rsak: YAPAB\u0130L\u0130R\u0130Z.<\/p>\n\n\n\n<h1 class=\"wp-block-heading\">Kurakl\u0131\u011f\u0131n Mevcut&nbsp;Durumu<\/h1>\n\n\n\n<p>2024 y\u0131l\u0131 Nisan ay\u0131 ya\u011f\u0131\u015flar\u0131, T\u00fcrkiye geneli normaline g\u00f6re %50, ge\u00e7en y\u0131l\u0131n Nisan ay\u0131 ya\u011f\u0131\u015flar\u0131na g\u00f6re %67 azalm\u0131\u015ft\u0131r. Akdeniz B\u00f6lgesi&#8217;nde ise Nisan ay\u0131 ya\u011f\u0131\u015flar\u0131, normaline g\u00f6re %57, ge\u00e7en y\u0131l\u0131n Nisan ay\u0131na g\u00f6re<\/p>\n\n\n\n<p>%70 azalma g\u00f6stermi\u015ftir. Antalya, Isparta ve Burdur illerinde de benzer bir d\u00fc\u015f\u00fc\u015f&nbsp;g\u00f6zlenmi\u015ftir:<\/p>\n\n\n\n<ul class=\"wp-block-list\">\n<li>Antalya:&nbsp;Bat\u0131s\u0131nda&nbsp;%20-%40 aras\u0131nda,&nbsp;kent&nbsp;merkezi&nbsp;ve&nbsp;do\u011fusundaki&nbsp;sahil&nbsp;b\u00f6lgelerinde&nbsp;%80\u2019i&nbsp;a\u015fan<\/li>\n\n\n\n<li>Isparta: G\u00fcneyinde %20\u2019ye varan art\u0131\u015f, kuzeyinde ise<\/li>\n\n\n\n<li>Burdur: Bat\u0131 il\u00e7elerinde %40-60, di\u011fer b\u00f6lgelerde %20-40<\/li>\n<\/ul>\n\n\n\n<h1 class=\"wp-block-heading\">Kurakl\u0131\u011f\u0131n&nbsp;Etkileri<\/h1>\n\n\n\n<p>Kurakl\u0131k, tar\u0131m, hayvanc\u0131l\u0131k, su kaynaklar\u0131 ve ekonomik alanlarda \u00f6nemli etkiler yaratmaktad\u0131r. Tar\u0131msal \u00fcretimde verim kayb\u0131, hayvanc\u0131l\u0131kta yem s\u0131k\u0131nt\u0131s\u0131, i\u00e7me suyu rezervlerinde azalma ve g\u0131da fiyatlar\u0131nda art\u0131\u015f&nbsp;beklenmektedir.<\/p>\n\n\n\n<h1 class=\"wp-block-heading\">Kamu Taraf\u0131ndan Al\u0131nmas\u0131 Gereken \u00d6nlemler ve&nbsp;\u00d6neriler<\/h1>\n\n\n\n<ul class=\"wp-block-list\">\n<li>Yerel Y\u00f6netimler: Su tasarrufu kampanyalar\u0131 ba\u015flatmal\u0131, su kaynaklar\u0131n\u0131n y\u00f6netimini optimize<\/li>\n\n\n\n<li>Tar\u0131m ve Orman Bakanl\u0131\u011f\u0131: \u00c7ift\u00e7ilere kurakl\u0131\u011fa dayan\u0131kl\u0131 tohum ve bitki t\u00fcrleri hakk\u0131nda e\u011fitim ve destek&nbsp;sa\u011flamal\u0131d\u0131r.<\/li>\n\n\n\n<li>Devlet Su \u0130\u015fleri (DS\u0130): Baraj ve g\u00f6letlerde su seviyelerini izlemeli ve acil durum planlar\u0131&nbsp;haz\u0131rlamal\u0131d\u0131r.<\/li>\n<\/ul>\n\n\n\n<h1 class=\"wp-block-heading\">\u00c7ift\u00e7iler ve B\u00f6lge Halk\u0131 \u0130\u00e7in&nbsp;\u00d6neriler:<\/h1>\n\n\n\n<ul class=\"wp-block-list\">\n<li>Su Tasarrufu: Damla sulama gibi su tasarrufu sa\u011flayan y\u00f6ntemler&nbsp;kullan\u0131lmal\u0131.<\/li>\n\n\n\n<li>Kurakl\u0131\u011fa Dayan\u0131kl\u0131 \u00dcr\u00fcnler: Kurakl\u0131k ko\u015fullar\u0131na dayan\u0131kl\u0131 bitki t\u00fcrlerine&nbsp;y\u00f6nelmelidir.<\/li>\n\n\n\n<li>Bilgi ve E\u011fitim: Tar\u0131m alan\u0131nda faaliyet g\u00f6steren kurumlar\u0131n e\u011fitim programlar\u0131na kat\u0131l\u0131m&nbsp;sa\u011flanmal\u0131d\u0131r.<\/li>\n\n\n\n<li>Yem ve Su Y\u00f6netimi: Hayvanc\u0131l\u0131k yapan \u00e7ift\u00e7iler, yem ve su kaynaklar\u0131n\u0131 daha verimli&nbsp;kullanmal\u0131d\u0131r.<\/li>\n<\/ul>\n\n\n\n<h1 class=\"wp-block-heading\">Uzun Vadeli&nbsp;Stratejiler:<\/h1>\n\n\n\n<ul class=\"wp-block-list\">\n<li>Alternatif Su Kaynaklar\u0131: Ya\u011fmur suyu toplama sistemleri ve gri su kullan\u0131m\u0131 te\u015fvik<\/li>\n\n\n\n<li>Ekosistem Koruma: B\u00f6lgedeki sulak alanlar ve do\u011fal kaynaklar\u0131n korunmas\u0131 i\u00e7in \u00f6zel programlar&nbsp;olu\u015fturulmal\u0131d\u0131r.<\/li>\n\n\n\n<li>Teknoloji&nbsp;ve&nbsp;&nbsp;Yenilik:&nbsp;&nbsp;Tar\u0131msal&nbsp;&nbsp;\u00fcretimde&nbsp;&nbsp;teknolojik&nbsp;&nbsp;yenilikler&nbsp;&nbsp;ve&nbsp;&nbsp;s\u00fcrd\u00fcr\u00fclebilir&nbsp;&nbsp;uygulamalar<\/li>\n<\/ul>\n\n\n\n<p>benimsenmelidir.<\/p>\n\n\n\n<ul class=\"wp-block-list\">\n<li>S\u0131n\u0131rl\u0131 Tropik Meyve Yeti\u015ftiricili\u011fi: Daha az su t\u00fcketen ve ekonomik de\u011feri y\u00fcksek \u00fcr\u00fcnlere&nbsp;y\u00f6nelmeliyiz.<\/li>\n<\/ul>\n\n\n\n<h1 class=\"wp-block-heading\">Halk\u0131m\u0131z\u0131 Bilin\u00e7lendirme ve&nbsp;Kat\u0131l\u0131m<\/h1>\n\n\n\n<p>Kurakl\u0131kla m\u00fccadelede halk\u0131m\u0131z\u0131n bilin\u00e7lenmesi ve aktif kat\u0131l\u0131m\u0131 b\u00fcy\u00fck \u00f6nem ta\u015f\u0131maktad\u0131r. Su y\u00f6netimi, ya\u011fmur suyu hasad\u0131, gri su kullan\u0131m\u0131 ve sulak alanlar\u0131n korunmas\u0131n\u0131n \u00f6nemi konusunda bilin\u00e7lendirme kampanyalar\u0131 d\u00fczenlemeliyiz. Ayr\u0131ca, bu konularda yap\u0131labilecek teknolojik geli\u015fmelere destek sa\u011flamak amac\u0131yla proje yar\u0131\u015fmalar\u0131 ger\u00e7ekle\u015ftirmeliyiz.<\/p>\n\n\n\n<p>Bu s\u00fcre\u00e7te t\u00fcm vatanda\u015flar\u0131m\u0131z\u0131n, resm\u00ee kurumlar\u0131m\u0131z\u0131n ve sivil toplum kurulu\u015flar\u0131m\u0131z\u0131n i\u015f birli\u011fi i\u00e7inde olmas\u0131 b\u00fcy\u00fck \u00f6nem ta\u015f\u0131maktad\u0131r.<\/p>\n\n\n\n<p><strong>\u00c7evre M\u00fchendisleri Odas\u0131 Antalya \u015eubesi olarak, kurakl\u0131kla m\u00fccadelede hep birlikte hareket ederek bu zorlu\u011fun \u00fcstesinden gelebilece\u011fimize inan\u0131yoruz: YAPAB\u0130L\u0130R\u0130Z!<\/strong><\/p>\n\n\n\n<p><strong>\u00c7evre M\u00fchendisleri Odas\u0131 Antalya&nbsp;\u015eubesi<\/strong><\/p>\n","protected":false},"excerpt":{"rendered":"<p>Meteoroloji Genel M\u00fcd\u00fcrl\u00fc\u011f\u00fc&#8217;n\u00fcn 2023-2024 su y\u0131l\u0131 verilerine g\u00f6re, \u00fclkemizde genel olarak normalleri civar\u0131nda ya\u011f\u0131\u015flar ger\u00e7ekle\u015fmi\u015f olsa da, Antalya, Isparta ve Burdur illerinde \u015eubat-Nisan d\u00f6nemi \u00f6zelinde ciddi kurakl\u0131k belirtileri g\u00f6zlemlenmi\u015ftir. \u015eu unutulmamal\u0131d\u0131r ki: meteorolojik kurakl\u0131k s\u0131ras\u0131yla tar\u0131msal kurakl\u0131k ve hidrolojik kurakl\u0131\u011f\u0131n habercisidir ve meteorolojik kurakl\u0131\u011f\u0131n ne zaman bitece\u011fi belli de\u011fildir. Bu ba\u011flamda, \u00c7evre M\u00fchendisleri Odas\u0131 Antalya&#8230;<\/p>\n","protected":false},"author":3,"featured_media":308,"comment_status":"closed","ping_status":"open","sticky":false,"template":"","format":"standard","meta":{"magazine_newspaper_sidebar_layout":"","footnotes":""},"categories":[1],"tags":[25,28,27],"class_list":["post-307","post","type-post","status-publish","format-standard","has-post-thumbnail","hentry","category-uncategorized","tag-antalya","tag-cmo","tag-kuraklik"],"_links":{"self":[{"href":"https:\/\/temizcevre.org\/index.php?rest_route=\/wp\/v2\/posts\/307","targetHints":{"allow":["GET"]}}],"collection":[{"href":"https:\/\/temizcevre.org\/index.php?rest_route=\/wp\/v2\/posts"}],"about":[{"href":"https:\/\/temizcevre.org\/index.php?rest_route=\/wp\/v2\/types\/post"}],"author":[{"embeddable":true,"href":"https:\/\/temizcevre.org\/index.php?rest_route=\/wp\/v2\/users\/3"}],"replies":[{"embeddable":true,"href":"https:\/\/temizcevre.org\/index.php?rest_route=%2Fwp%2Fv2%2Fcomments&post=307"}],"version-history":[{"count":2,"href":"https:\/\/temizcevre.org\/index.php?rest_route=\/wp\/v2\/posts\/307\/revisions"}],"predecessor-version":[{"id":310,"href":"https:\/\/temizcevre.org\/index.php?rest_route=\/wp\/v2\/posts\/307\/revisions\/310"}],"wp:featuredmedia":[{"embeddable":true,"href":"https:\/\/temizcevre.org\/index.php?rest_route=\/wp\/v2\/media\/308"}],"wp:attachment":[{"href":"https:\/\/temizcevre.org\/index.php?rest_route=%2Fwp%2Fv2%2Fmedia&parent=307"}],"wp:term":[{"taxonomy":"category","embeddable":true,"href":"https:\/\/temizcevre.org\/index.php?rest_route=%2Fwp%2Fv2%2Fcategories&post=307"},{"taxonomy":"post_tag","embeddable":true,"href":"https:\/\/temizcevre.org\/index.php?rest_route=%2Fwp%2Fv2%2Ftags&post=307"}],"curies":[{"name":"wp","href":"https:\/\/api.w.org\/{rel}","templated":true}]}}