{"id":311,"date":"2024-06-05T08:44:26","date_gmt":"2024-06-05T08:44:26","guid":{"rendered":"http:\/\/www.temizcevre.org\/?p=311"},"modified":"2024-06-05T08:44:26","modified_gmt":"2024-06-05T08:44:26","slug":"dunya-cevre-gunu-kutlu-olsun","status":"publish","type":"post","link":"https:\/\/temizcevre.org\/?p=311","title":{"rendered":"D\u00fcnya \u00c7evre G\u00fcn\u00fc Kutlu Olsun"},"content":{"rendered":"\n<p>Birle\u015fmi\u015f Milletler \u00d6rg\u00fct\u00fc, \u00e7evre konusunda ilk \u00f6nemli konferans\u0131 1972 y\u0131l\u0131nda Stockholm\u2019de toplam\u0131\u015ft\u0131r.<\/p>\n\n\n\n<p>\u201c\u0130nsan \u00c7evresi Konferans\u0131\u201d ad\u0131 verilen bu konferansa aralar\u0131nda T\u00fcrkiye\u2019nin de bulundu\u011fu 113 \u00fclke kat\u0131lm\u0131\u015ft\u0131r.<\/p>\n\n\n\n<p>Bu konferans Birle\u015fmi\u015f Milletler\u2019in \u00e7evre alan\u0131ndaki \u00e7al\u0131\u015fmalar\u0131n\u0131n temelini olu\u015fturmu\u015ftur. Bu konferans sonunda uluslararas\u0131 boyutta bir bildiri yay\u0131nlanm\u0131\u015ft\u0131r. \u201cStockholm Bildirgesi\u201d olarak bilinen bu bildiride, b\u00fct\u00fcn insanlar ve h\u00fck\u00fcmetler \u00e7evrenin korunmas\u0131 ve geli\u015ftirilmesi i\u00e7in ortak hareket etmeye \u00e7a\u011fr\u0131lm\u0131\u015ft\u0131r.<\/p>\n\n\n\n<p>1974 y\u0131l\u0131ndan itibaren konferans\u0131n ba\u015flama tarihi olan 5 Haziran g\u00fcn\u00fc, her y\u0131l \u201cD\u00fcnya \u00c7evre G\u00fcn\u00fc\u201d olarak kutlanmaktad\u0131r. Her y\u0131l farkl\u0131 bir tema etraf\u0131nda etkinlikler d\u00fczenlenir ve bu temalar \u00e7evresel sorunlara odaklanarak toplumun dikkatini \u00e7ekmeyi ama\u00e7lar.<\/p>\n\n\n\n<p><\/p>\n","protected":false},"excerpt":{"rendered":"<p>Birle\u015fmi\u015f Milletler \u00d6rg\u00fct\u00fc, \u00e7evre konusunda ilk \u00f6nemli konferans\u0131 1972 y\u0131l\u0131nda Stockholm\u2019de toplam\u0131\u015ft\u0131r. \u201c\u0130nsan \u00c7evresi Konferans\u0131\u201d ad\u0131 verilen bu konferansa aralar\u0131nda T\u00fcrkiye\u2019nin de bulundu\u011fu 113 \u00fclke kat\u0131lm\u0131\u015ft\u0131r. Bu konferans Birle\u015fmi\u015f Milletler\u2019in \u00e7evre alan\u0131ndaki \u00e7al\u0131\u015fmalar\u0131n\u0131n temelini olu\u015fturmu\u015ftur. Bu konferans sonunda uluslararas\u0131 boyutta bir bildiri yay\u0131nlanm\u0131\u015ft\u0131r. \u201cStockholm Bildirgesi\u201d olarak bilinen bu bildiride, b\u00fct\u00fcn insanlar ve h\u00fck\u00fcmetler \u00e7evrenin korunmas\u0131&#8230;<\/p>\n","protected":false},"author":3,"featured_media":312,"comment_status":"closed","ping_status":"open","sticky":false,"template":"","format":"standard","meta":{"magazine_newspaper_sidebar_layout":"","footnotes":""},"categories":[1],"tags":[31,30,29],"class_list":["post-311","post","type-post","status-publish","format-standard","has-post-thumbnail","hentry","category-uncategorized","tag-5haziran","tag-cevregunu","tag-dunya"],"_links":{"self":[{"href":"https:\/\/temizcevre.org\/index.php?rest_route=\/wp\/v2\/posts\/311","targetHints":{"allow":["GET"]}}],"collection":[{"href":"https:\/\/temizcevre.org\/index.php?rest_route=\/wp\/v2\/posts"}],"about":[{"href":"https:\/\/temizcevre.org\/index.php?rest_route=\/wp\/v2\/types\/post"}],"author":[{"embeddable":true,"href":"https:\/\/temizcevre.org\/index.php?rest_route=\/wp\/v2\/users\/3"}],"replies":[{"embeddable":true,"href":"https:\/\/temizcevre.org\/index.php?rest_route=%2Fwp%2Fv2%2Fcomments&post=311"}],"version-history":[{"count":1,"href":"https:\/\/temizcevre.org\/index.php?rest_route=\/wp\/v2\/posts\/311\/revisions"}],"predecessor-version":[{"id":313,"href":"https:\/\/temizcevre.org\/index.php?rest_route=\/wp\/v2\/posts\/311\/revisions\/313"}],"wp:featuredmedia":[{"embeddable":true,"href":"https:\/\/temizcevre.org\/index.php?rest_route=\/wp\/v2\/media\/312"}],"wp:attachment":[{"href":"https:\/\/temizcevre.org\/index.php?rest_route=%2Fwp%2Fv2%2Fmedia&parent=311"}],"wp:term":[{"taxonomy":"category","embeddable":true,"href":"https:\/\/temizcevre.org\/index.php?rest_route=%2Fwp%2Fv2%2Fcategories&post=311"},{"taxonomy":"post_tag","embeddable":true,"href":"https:\/\/temizcevre.org\/index.php?rest_route=%2Fwp%2Fv2%2Ftags&post=311"}],"curies":[{"name":"wp","href":"https:\/\/api.w.org\/{rel}","templated":true}]}}