{"id":321,"date":"2026-03-14T15:00:27","date_gmt":"2026-03-14T15:00:27","guid":{"rendered":"https:\/\/temizcevre.org\/?p=321"},"modified":"2026-03-14T15:01:45","modified_gmt":"2026-03-14T15:01:45","slug":"iklim-adaleti-forumu-sonuc-bildirgesi-hakkinda-brifing","status":"publish","type":"post","link":"https:\/\/temizcevre.org\/?p=321","title":{"rendered":"\u0130KL\u0130M ADALET\u0130 FORUMU SONU\u00c7 B\u0130LD\u0130RGES\u0130 HAKKINDA BR\u0130F\u0130NG"},"content":{"rendered":"\n<p>Temiz \u00c7evre Derne\u011fi olarak, 28 Ocak 2026 tarihinde ger\u00e7ekle\u015ftirilen Antalya \u0130klim Adaleti Forumu toplant\u0131s\u0131nda ortaya \u00e7\u0131kan sonu\u00e7 bildirgesi hakk\u0131nda bilgi payla\u015fmak amac\u0131yla Antalya Barosu\u2019nda bir araya gelinmi\u015ftir.<br>\u00c7\u00f6z\u00fcm \u00fcretmeyen iklim politikalar\u0131n\u0131 me\u015frula\u015ft\u0131rma riski ta\u015f\u0131yan, iklim krizi kar\u015f\u0131s\u0131nda yeterli ad\u0131m atmayan h\u00fck\u00fcmetler ve fosil yak\u0131t lobilerinin etkisi alt\u0131nda \u015fekillendi\u011fini d\u00fc\u015f\u00fcnd\u00fc\u011f\u00fcm\u00fcz COP31 (Taraflar Konferans\u0131), 9\u201320 Kas\u0131m 2026 tarihleri aras\u0131nda T\u00fcrkiye\u2019de, \u00c7evre, \u015eehircilik ve \u0130klim De\u011fi\u015fikli\u011fi Bakan\u0131 Murat Kurum ba\u015fkanl\u0131\u011f\u0131nda ger\u00e7ekle\u015ftirilecektir.<br>\u0130klim krizi yaln\u0131zca \u00e7evresel bir sorun de\u011fildir; ayn\u0131 zamanda toplumsal, ekonomik ve siyasal boyutlar\u0131 olan k\u00fcresel bir krizdir. Bu nedenle iklim politikalar\u0131n\u0131n belirlenme s\u00fcrecinde yaln\u0131zca devletler ve uluslararas\u0131 kurumlar de\u011fil; yerel topluluklar, emek \u00f6rg\u00fctleri, bilim insanlar\u0131 ve sivil toplum kurulu\u015flar\u0131 da s\u00f6z sahibi olmal\u0131d\u0131r.<br>Bu ihtiya\u00e7tan hareketle Antalya \u0130klim Adaleti Forumu, 28 Ocak 2026 tarihinde Antalya Barosu\u2019nun \u00e7a\u011fr\u0131s\u0131 ve ev sahipli\u011finde;<br>17 dernek<br>5 siyasi parti<br>5 sendika<br>5 meslek odas\u0131<br>Antalya Kent Konseyi ve baz\u0131 yerel y\u00f6netim temsilcilerinin kat\u0131l\u0131m\u0131yla ger\u00e7ekle\u015ftirilmi\u015ftir. Forumda belirlenen \u00f6ncelikler do\u011frultusunda a\u015fa\u011f\u0131daki \u00e7al\u0131\u015fma gruplar\u0131 olu\u015fturulmu\u015ftur:<br>\u0130klim Hukuku ve Politika Grubu<br>Mek\u00e2nsal Adalet ve Kent Hakk\u0131 Grubu<br>Tar\u0131m, Su ve G\u0131da G\u00fcvencesi Grubu<br>Emek ve Adil Ge\u00e7im Grubu<br>Uluslararas\u0131 \u0130li\u015fkiler ve Haz\u0131rl\u0131k Grubu<br>Gen\u00e7lik ve Toplumsal \u00c7al\u0131\u015fmalar Grubu<br>Toplumsal Cinsiyet \u00c7al\u0131\u015fma Grubu<br>Hayvan Haklar\u0131<br>Ekoloji Savunucular\u0131<br>Hat\u0131ra Envanter Grubu<br>Enerji Demokrasi Grubu<br>Forum kapsam\u0131nda ayr\u0131ca, ekoloji m\u00fccadelesinde yer etmi\u015f isimlerin an\u0131s\u0131n\u0131 ya\u015fatmak amac\u0131yla Hat\u0131ra Envanter Grubu olu\u015fturulmu\u015f ve bu kapsamda Re\u015fit Kibar ve Can Atalay gibi savunucular\u0131n m\u00fccadelelerinin g\u00f6r\u00fcn\u00fcr k\u0131l\u0131nmas\u0131 hedeflenmi\u015ftir.<br>Yakla\u015f\u0131k 50.000 kat\u0131l\u0131mc\u0131 ve 5.000 aktivistin kat\u0131lmas\u0131 beklenen bu b\u00fcy\u00fck organizasyon i\u00e7in hen\u00fcz operasyonel ve lojistik \u00e7al\u0131\u015fma gruplar\u0131 olu\u015fturulmam\u0131\u015ft\u0131r.<br>COP31 s\u00fcrecine giderken somut hedefler belirlemek, kampanyalar y\u00fcr\u00fctmek ve yerel halk\u0131 s\u00fcrece dahil etmek b\u00fcy\u00fck \u00f6nem ta\u015f\u0131maktad\u0131r. Aksi halde bu \u00e7al\u0131\u015fmalar yaln\u0131zca bir \u201cayd\u0131n faaliyeti\u201d olarak kalma riski ta\u015f\u0131maktad\u0131r.<br>Bu nedenle Antalya\u2019da halk\u0131n do\u011frudan ya\u015fad\u0131\u011f\u0131 baz\u0131 yerel sorunlar\u0131n iklim adaleti perspektifiyle ele al\u0131nmas\u0131 gerekti\u011fi vurgulanm\u0131\u015ft\u0131r.<br>K\u0131z\u0131lar\u0131k Mahallesi Bar\u0131nma Sorunu<br>Antalya\u2019n\u0131n en eski yerle\u015fim alanlar\u0131ndan biri olan K\u0131z\u0131lar\u0131k Mahallesi\u2019nde y\u00fczy\u0131l\u0131 a\u015fk\u0131n s\u00fcredir ya\u015fayan yurtta\u015flar\u0131n bulundu\u011fu b\u00f6lge vak\u0131f arazisi olarak ilan edilmi\u015ftir. Bu karar sonucunda yakla\u015f\u0131k 350 hane kendi m\u00fclklerinden edilmi\u015ftir.<br>M\u00fclkleri ellerinden al\u0131nan K\u0131z\u0131lar\u0131k halk\u0131 uzun s\u00fcredir Vak\u0131flar Genel M\u00fcd\u00fcrl\u00fc\u011f\u00fc\u2019ne ecrimisil \u00f6demektedir. Son d\u00f6nemde ecrimisil bedellerinin a\u015f\u0131r\u0131 art\u0131r\u0131lmas\u0131 ve tahliye ihtarnamelerinin g\u00f6nderilmesi sonucu mahalle sakinleri ciddi bir bar\u0131nma krizi ile kar\u015f\u0131 kar\u015f\u0131ya kalm\u0131\u015ft\u0131r.<br>Oymap\u0131nar Baraj\u0131<br>Bir di\u011fer \u00f6nemli konu Oymap\u0131nar Baraj\u0131 olmu\u015ftur.<br>Baraj, i\u00e7ilebilir kalitede su sa\u011flayan Dumanl\u0131 Kayna\u011f\u0131 taraf\u0131ndan beslenmektedir. Hatta MS 2. ve 3. y\u00fczy\u0131llarda in\u015fa edilen su kemerleri Side Antik Kenti\u2019ne su ta\u015f\u0131mak amac\u0131yla yap\u0131lm\u0131\u015ft\u0131r.<br>Ancak baraj\u0131n i\u015fletme haklar\u0131n\u0131n Cengiz Holding\u2019e devredilmesi kamu yarar\u0131 a\u00e7\u0131s\u0131ndan ciddi tart\u0131\u015fmalara yol a\u00e7m\u0131\u015ft\u0131r.<br>\u201cOymap\u0131nar Baraj\u0131n\u0131 Geri \u0130stiyoruz\u201d kampanyas\u0131yla;<br>Antalya\u2019n\u0131n i\u00e7me suyunun b\u00fcy\u00fck \u00f6l\u00e7\u00fcde yeralt\u0131 sular\u0131ndan elektrikli pompalarla \u00e7ekildi\u011fi,<br>Bunun uzun vadede obruk olu\u015fumu riskini art\u0131rabilece\u011fi,<br>Suyun pompalanmas\u0131 i\u00e7in harcanan enerjinin maliyetinin su faturalar\u0131na yans\u0131d\u0131\u011f\u0131<br>konular\u0131na dikkat \u00e7ekilmesi \u00f6nerilmi\u015ftir.<br>Badema\u011fac\u0131 \u00c7imento Fabrikas\u0131<br>Bir di\u011fer yerel sorun ise Badema\u011fac\u0131\u2019ndaki \u00e7imento fabrikas\u0131n\u0131n faaliyet alan\u0131n\u0131n \u00fc\u00e7 kat geni\u015fletilmesi plan\u0131d\u0131r.<br>20 y\u0131l\u0131 a\u015fk\u0131n s\u00fcredir faaliyet g\u00f6steren bu tesisin;<br>b\u00f6lge halk\u0131n\u0131n sa\u011fl\u0131\u011f\u0131na,<br>tar\u0131ma,<br>ve ekosisteme<br>geri d\u00f6n\u00fc\u015f\u00fc zor zararlar verdi\u011fi belirtilmi\u015f; b\u00f6lgede sat\u0131l\u0131k ev ilanlar\u0131n\u0131n artmas\u0131 bunun en somut g\u00f6stergelerinden biri olarak de\u011ferlendirilmi\u015ftir.<br>Kitle Turizmi<br>Forumda ayr\u0131ca kitle turizminin yaratt\u0131\u011f\u0131 olumsuzluklar da ele al\u0131nm\u0131\u015ft\u0131r.<br>Turizm ve rant u\u011fruna k\u0131y\u0131 \u015feridinde yap\u0131lan 5, 6 ve 7 y\u0131ld\u0131zl\u0131 otellerin;<br>halk\u0131n k\u0131y\u0131ya eri\u015fim hakk\u0131n\u0131 k\u0131s\u0131tlad\u0131\u011f\u0131,<br>deniz ve orman ekosistemine zarar verdi\u011fi,<br>yo\u011fun su ve enerji t\u00fcketimine neden oldu\u011fu,<br>emek s\u00f6m\u00fcr\u00fcs\u00fcn\u00fc art\u0131rd\u0131\u011f\u0131<br>vurgulanm\u0131\u015ft\u0131r.<br>Bu nedenle \u015fu ilke dile getirilmi\u015ftir:<br>\u201cKentimiz bir turizm vitrini de\u011fil, bir ya\u015fam alan\u0131d\u0131r.\u201d<br>Sonu\u00e7<br>Amac\u0131m\u0131z, COP31 s\u00fcrecini yaln\u0131zca kapal\u0131 kap\u0131lar ard\u0131nda y\u00fcr\u00fct\u00fclen diplomatik m\u00fczakerelerin \u00f6tesine ta\u015f\u0131yarak halk\u0131n s\u00f6z sahibi oldu\u011fu bir iklim m\u00fccadelesine d\u00f6n\u00fc\u015ft\u00fcrmektir.<br>Bu do\u011frultuda;<br>alternatif zirveler<br>halk forumlar\u0131<br>aktivist bulu\u015fmalar\u0131<br>yerel kampanyalar<br>gibi etkinliklere Temiz \u00c7evre Derne\u011fi olarak her t\u00fcrl\u00fc deste\u011fi verece\u011fimizi ifade ederek toplant\u0131y\u0131 sonland\u0131rd\u0131k.<br>Toplant\u0131ya ev sahipli\u011fi yapan ve katk\u0131 sunan t\u00fcm kurum ve kat\u0131l\u0131mc\u0131lara te\u015fekk\u00fcr ederiz.<\/p>\n\n\n\n<p>Temiz \u00c7evre Derne\u011fi<br>12 Mart 2026<\/p>\n\n\n\n<p><br>Toplant\u0131ya baro iklim adaleti sekretaryas\u0131 ad\u0131na kat\u0131lanlar:<br>Av. Duygu Kozano\u011flu, Av. Alperen \u00c7elik, Av. Fevzi \u00d6zl\u00fcer, Halkevleri Y\u00f6neticisi Kutay Meri\u00e7.<\/p>\n\n\n\n<p><\/p>\n","protected":false},"excerpt":{"rendered":"<p>Temiz \u00c7evre Derne\u011fi olarak, 28 Ocak 2026 tarihinde ger\u00e7ekle\u015ftirilen Antalya \u0130klim Adaleti Forumu toplant\u0131s\u0131nda ortaya \u00e7\u0131kan sonu\u00e7 bildirgesi hakk\u0131nda bilgi payla\u015fmak amac\u0131yla Antalya Barosu\u2019nda bir araya gelinmi\u015ftir.\u00c7\u00f6z\u00fcm \u00fcretmeyen iklim politikalar\u0131n\u0131 me\u015frula\u015ft\u0131rma riski ta\u015f\u0131yan, iklim krizi kar\u015f\u0131s\u0131nda yeterli ad\u0131m atmayan h\u00fck\u00fcmetler ve fosil yak\u0131t lobilerinin etkisi alt\u0131nda \u015fekillendi\u011fini d\u00fc\u015f\u00fcnd\u00fc\u011f\u00fcm\u00fcz COP31 (Taraflar Konferans\u0131), 9\u201320 Kas\u0131m 2026 tarihleri&#8230;<\/p>\n","protected":false},"author":3,"featured_media":323,"comment_status":"closed","ping_status":"open","sticky":false,"template":"","format":"standard","meta":{"magazine_newspaper_sidebar_layout":"","footnotes":""},"categories":[7],"tags":[37,35],"class_list":["post-321","post","type-post","status-publish","format-standard","has-post-thumbnail","hentry","category-cevre-haberleri","tag-iklimadaleti","tag-iklimformu"],"_links":{"self":[{"href":"https:\/\/temizcevre.org\/index.php?rest_route=\/wp\/v2\/posts\/321","targetHints":{"allow":["GET"]}}],"collection":[{"href":"https:\/\/temizcevre.org\/index.php?rest_route=\/wp\/v2\/posts"}],"about":[{"href":"https:\/\/temizcevre.org\/index.php?rest_route=\/wp\/v2\/types\/post"}],"author":[{"embeddable":true,"href":"https:\/\/temizcevre.org\/index.php?rest_route=\/wp\/v2\/users\/3"}],"replies":[{"embeddable":true,"href":"https:\/\/temizcevre.org\/index.php?rest_route=%2Fwp%2Fv2%2Fcomments&post=321"}],"version-history":[{"count":1,"href":"https:\/\/temizcevre.org\/index.php?rest_route=\/wp\/v2\/posts\/321\/revisions"}],"predecessor-version":[{"id":322,"href":"https:\/\/temizcevre.org\/index.php?rest_route=\/wp\/v2\/posts\/321\/revisions\/322"}],"wp:featuredmedia":[{"embeddable":true,"href":"https:\/\/temizcevre.org\/index.php?rest_route=\/wp\/v2\/media\/323"}],"wp:attachment":[{"href":"https:\/\/temizcevre.org\/index.php?rest_route=%2Fwp%2Fv2%2Fmedia&parent=321"}],"wp:term":[{"taxonomy":"category","embeddable":true,"href":"https:\/\/temizcevre.org\/index.php?rest_route=%2Fwp%2Fv2%2Fcategories&post=321"},{"taxonomy":"post_tag","embeddable":true,"href":"https:\/\/temizcevre.org\/index.php?rest_route=%2Fwp%2Fv2%2Ftags&post=321"}],"curies":[{"name":"wp","href":"https:\/\/api.w.org\/{rel}","templated":true}]}}