{"id":324,"date":"2026-03-14T15:20:31","date_gmt":"2026-03-14T15:20:31","guid":{"rendered":"https:\/\/temizcevre.org\/?p=324"},"modified":"2026-03-14T18:07:52","modified_gmt":"2026-03-14T18:07:52","slug":"antalya-barosu-iklim-adaleti-forumu-sonuc-bildirgesi","status":"publish","type":"post","link":"https:\/\/temizcevre.org\/?p=324","title":{"rendered":"ANTALYA BAROSU \u0130KL\u0130M ADALET\u0130 FORUMU SONU\u00c7 B\u0130LD\u0130RGES\u0130"},"content":{"rendered":"\n<p><strong>&nbsp;<\/strong><strong>Gelecek Ellerimizde..&nbsp; Umudu Birlikte Ye\u015fertiyoruz..<\/strong><\/p>\n\n\n\n<p>Antalya \u0130klim Adaleti Forumu 28.01.2026 tarihinde Antalya Barosu\u2019nun \u00e7a\u011fr\u0131s\u0131 ve ev sahipli\u011fi ile&nbsp; 17 dernek ve insiyatif, 5 siyasi parti, 5 sendika, 5 meslek odas\u0131, Kent Konseyi ve bir k\u0131s\u0131m yerel y\u00f6netim temsilcileri ile toplanm\u0131\u015ft\u0131r. Toplant\u0131n\u0131n ilk b\u00f6l\u00fcm\u00fcnde Antalya Barosu Ba\u015fkan\u0131 Av. Ali \u00c7a\u011fda\u015f Bozaner a\u00e7\u0131l\u0131\u015f konu\u015fmas\u0131 ger\u00e7ekle\u015ftirmi\u015ftir. Akabinde Antalya Barosu \u00c7evre ve \u0130mar \u0130zleme Kurulu Ba\u015fkan\u0131 Av. Duygu Kozano\u011flu ve oturum ba\u015fkanl\u0131\u011f\u0131n\u0131 \u00fcstlenen Antalya Barosu Toplumsal Olay ve Davalar\u0131 \u0130zleme Kurulu Ba\u015fkan\u0131 Av. Salim Berkay Aksu toplant\u0131 g\u00fcndemine giri\u015f niteli\u011finde konu\u015fmalar ger\u00e7ekle\u015ftirmi\u015ftir.<\/p>\n\n\n\n<p>A\u00e7\u0131l\u0131\u015f ve toplant\u0131 g\u00fcndemine giri\u015f konu\u015fmalar\u0131n\u0131n ard\u0131ndan T\u00fcrkiye Barolar Birli\u011fi ad\u0131na TBB \u00c7evre ve Kent Hukuku Komisyonu Sekreteri Av. Fevzi \u00d6zl\u00fcer <em>\u201c\u0130klim Krizi, Devlet, Sermaye ve \u0130klim Adaleti- Antalya COP31 Yolunda (Demokratik Bir \u00c7\u0131k\u0131\u015f Aray\u0131\u015f\u0131)\u201d<\/em> konulu sunum ger\u00e7ekle\u015ftirmi\u015ftir. Sunumun ard\u0131ndan toplant\u0131da haz\u0131r bulunanlar\u0131n s\u00f6z alaca\u011f\u0131 forum k\u0131sm\u0131na ge\u00e7ilmi\u015ftir.<\/p>\n\n\n\n<p>Farkl\u0131 kurum, kurulu\u015f temsilcileri ve haz\u0131r bulunan yurtta\u015flardan 27 ki\u015fi s\u00f6z alarak s\u00fcrece ili\u015fkin katk\u0131, \u00f6neri ve de\u011ferlendirmelerde bulunmu\u015ftur. Katk\u0131 ve de\u011ferlendirmelere ili\u015fkin toplant\u0131 notlar\u0131 haz\u0131rlanarak kat\u0131l\u0131mc\u0131lar\u0131n mail adresine g\u00f6nderilmek ve s\u00fcrecin devam\u0131na ili\u015fkin zemin olu\u015fturmak amac\u0131yla kay\u0131t alt\u0131na al\u0131nm\u0131\u015ft\u0131r. Sonu\u00e7 Bildirgesi; Forum\u2019un iklim adaleti perspektifini en genel haliyle yans\u0131tmak ve kamuoyunu s\u00fcrece ili\u015fkin bilgilendirmek amac\u0131yla haz\u0131rlanm\u0131\u015ft\u0131r.<\/p>\n\n\n\n<p>Bu metin, Antalya\u2019da iklim adaleti m\u00fccadelesini in\u015fa etmek i\u00e7in bir araya gelen \u0130klim Adaleti kat\u0131l\u0131mc\u0131lar\u0131n ortak iradesini yans\u0131tabilmek amac\u0131yla ve forum s\u0131ras\u0131nda ortaya konan g\u00f6r\u00fc\u015fler ve al\u0131nan kararlar do\u011frultusunda kolektif bir yaz\u0131m s\u00fcreciyle haz\u0131rlanm\u0131\u015ft\u0131r. Bu anlamda Antalya \u0130klim Adaleti Forumu, merkezi veya haz\u0131r re\u00e7etelere de\u011fil, do\u011frudan kat\u0131l\u0131mc\u0131, yerel ve yatay organizayon s\u00fcre\u00e7lerine ve taban\u0131n demokratik iradesine dayanmaktad\u0131r.<\/p>\n\n\n\n<p>A\u015fa\u011f\u0131daki metinle forumun bile\u015fimi, temel ilkeleri, Antalya \u00f6zelindeki tespitler, genel itibariyle m\u00fccadele ba\u015fl\u0131klar\u0131 ve gelecek planlamas\u0131na dair sonu\u00e7lar kamuoyunun bilgisine sunulmu\u015ftur.<\/p>\n\n\n\n<h2 class=\"wp-block-heading\"><strong>Forumun Kat\u0131l\u0131mc\u0131 Yap\u0131s\u0131 ve Demokratik \u0130\u015fleyi\u015fi<\/strong><\/h2>\n\n\n\n<p><strong>1. <\/strong>Antalya \u0130klim Adaleti Forumu, geni\u015f kat\u0131l\u0131ml\u0131 ve \u00e7e\u015fitli bir bile\u015fimle ger\u00e7ekle\u015ftirilmi\u015ftir. Antalya Barosu\u2019nun \u00e7a\u011fr\u0131s\u0131yla d\u00fczenlenen bu forumda, \u00e7evre ve iklim m\u00fccadelesi veren bir\u00e7ok sivil toplum \u00f6rg\u00fct\u00fc, meslek odas\u0131, sendika, platform, demokratik kitle \u00f6rg\u00fct\u00fc ve siyasi parti temsilcileri ile akademisyenler, hukuk\u00e7ular ve yurtta\u015flar bir araya gelmi\u015ftir. Kad\u0131nlardan gen\u00e7lere, i\u015f\u00e7ilerden \u00e7ift\u00e7ilere, \u00e7e\u015fitli toplumsal kesimlerden bireyler ayn\u0131 \u00e7at\u0131 alt\u0131nda s\u00f6z hakk\u0131 kullanm\u0131\u015ft\u0131r. Bu \u00e7e\u015fitli yap\u0131, iklim adaleti m\u00fccadelesinin toplumun her kesimini ilgilendirdi\u011finin ve ancak birle\u015fik bir dayan\u0131\u015fmayla ba\u015far\u0131ya ula\u015fabilece\u011finin temel \u00f6l\u00e7\u00fct\u00fc olarak kabul edilmi\u015ftir.<\/p>\n\n\n\n<p><strong>2.<\/strong> Forum, do\u011frudan demokrasi ilkesiyle i\u015fletilmi\u015f; t\u00fcm kat\u0131l\u0131mc\u0131lara serbest\u00e7e s\u00f6z alma imkan\u0131 tan\u0131nm\u0131\u015ft\u0131r. Herkesin g\u00f6r\u00fc\u015f ve deneyimlerini e\u015fit bi\u00e7imde dile getirebilmesi i\u00e7in konu\u015fmalar, bir kolayla\u015ft\u0131r\u0131c\u0131 niteli\u011finde olan oturum ba\u015fkan\u0131n\u0131n e\u015fli\u011finde, belirli bir s\u0131rayla ve s\u00fcreye riayet edilerek yap\u0131lm\u0131\u015ft\u0131r. Hi\u00e7bir hiyerar\u015fik d\u00fczene veya merkezi otoriteye dayanmadan, taban\u0131n sesini \u00f6n plana \u00e7\u0131karan bu y\u00f6ntem sayesinde forum ger\u00e7ek anlamda bir halk k\u00fcrs\u00fcs\u00fc i\u015flevi g\u00f6rm\u00fc\u015ft\u00fcr. S\u00f6z alma y\u00f6ntemleri, isteyen her kat\u0131l\u0131mc\u0131n\u0131n kendi deneyim ve \u00f6nerilerini sunabilece\u011fi \u015fekilde d\u00fczenlenmi\u015f; b\u00f6ylece taban \u00f6rg\u00fctlenmesinin ve kat\u0131l\u0131mc\u0131 s\u00f6z hakk\u0131n\u0131n en geni\u015f bi\u00e7imde hayata ge\u00e7mesi sa\u011flanm\u0131\u015ft\u0131r. Forum boyunca gerek kent merkezinden gerekse il\u00e7elerden veya \u015fehir d\u0131\u015f\u0131ndan gelen kat\u0131l\u0131mc\u0131lar, kendi ya\u015fam alanlar\u0131nda kar\u015f\u0131la\u015ft\u0131klar\u0131 ekolojik ve toplumsal sorunlar\u0131 dile getirerek ortak \u00e7\u00f6z\u00fcm aray\u0131\u015f\u0131na katk\u0131da bulunmu\u015ftur.<\/p>\n\n\n\n<p><strong>3. <\/strong>Al\u0131nan kararlar da kat\u0131l\u0131mc\u0131 ve \u015feffaf s\u00fcre\u00e7lerle belirlenmi\u015ftir. Bu y\u00f6n\u00fcyle Antalya \u0130klim Adaleti Forumu, klasik kapal\u0131 kap\u0131lar ard\u0131nda karar alma y\u00f6ntemlerinden tamamen farkl\u0131, do\u011frudan kat\u0131l\u0131m\u0131n ve kolektif akl\u0131n hakim oldu\u011fu bir demokratik s\u00fcrecin \u00f6rne\u011fini ortaya koymu\u015ftur.<\/p>\n\n\n\n<h2 class=\"wp-block-heading\"><strong>Forumun Kurulu\u015fu ve Niteli\u011fi<\/strong><\/h2>\n\n\n\n<p><strong>4. <\/strong>Antalya \u0130klim Adaleti Forumu, herhangi bir merkezi yap\u0131n\u0131n uzant\u0131s\u0131 olmayan, tamamen yerel insiyatiflerle ve yatay \u00f6rg\u00fctlenme esaslar\u0131na g\u00f6re kurulmu\u015f \u00f6zerk bir platformdur. Forum, ne merkezi idarenin ne de belirli bir siyasi yap\u0131n\u0131n g\u00fcd\u00fcm\u00fcnde olmaks\u0131z\u0131n, yerelden kurulan ve a\u015fa\u011f\u0131dan yukar\u0131ya \u00f6rg\u00fctlenen bir kamusal tart\u0131\u015fma zemini olarak \u015fekillenmi\u015ftir. Bu niteli\u011fiyle, iklim krizine kar\u015f\u0131 m\u00fccadelede tepeden inme yakla\u015f\u0131mlara alternatif olu\u015fturan ba\u011f\u0131ms\u0131z bir yurtta\u015f inisiyatifi niteli\u011findedir. Antalya Barosu \u00f6nc\u00fcl\u00fc\u011f\u00fcnde ba\u015flat\u0131lan s\u00fcre\u00e7, hi\u00e7bir \u00fcst yap\u0131n\u0131n yerel uzant\u0131s\u0131 de\u011fildir; aksine kentte y\u0131llard\u0131r s\u00fcren ekoloji ve kent m\u00fccadelesi birikimine dayanan ve tamamen kat\u0131l\u0131mc\u0131 iradeyle ya\u015fam bulan bir forumdur.<\/p>\n\n\n\n<p><strong>5. <\/strong>Forumumuz, ge\u00e7mi\u015ften g\u00fcn\u00fcm\u00fcze uzanan kat\u0131l\u0131mc\u0131 halk forumlar\u0131 gelene\u011finin g\u00fcncel bir tezah\u00fcr\u00fc olarak de\u011ferlendirilebilir niteliktedir. \u00c7e\u015fitli m\u00fccadele deneyimlerinin \u0131\u015f\u0131\u011f\u0131nda, yatay \u00f6rg\u00fctlenme bi\u00e7imini benimsemi\u015f olan Antalya \u0130klim Adaleti Forumu\u2019nda hiyerar\u015fik karar alma yap\u0131lar\u0131na yer yoktur. Forum, farkl\u0131 g\u00f6r\u00fc\u015f ve arka planlardan gelen insanlar\u0131n e\u015fit s\u00f6z hakk\u0131yla bulu\u015ftu\u011fu, ortak ak\u0131l geli\u015ftirdi\u011fi bir meclis h\u00fcviyetindedir. Bu y\u00f6n\u00fcyle, kat\u0131l\u0131mc\u0131 forum gelene\u011fini Antalya \u00f6l\u00e7e\u011finde canland\u0131rarak, yurtta\u015flar\u0131n kendi geleceklerine dair kararlar\u0131 bizzat tart\u0131\u015f\u0131p \u015fekillendirdi\u011fi bir zemin yarat\u0131lm\u0131\u015ft\u0131r.<\/p>\n\n\n\n<p><strong>6.<\/strong> \u00d6zellikle vurgulanmal\u0131d\u0131r ki Antalya \u0130klim Adaleti Forumu, Birle\u015fmi\u015f Milletler \u0130klim De\u011fi\u015fikli\u011fi Konferans\u0131 (COP31) gibi uluslararas\u0131 zirvelerin yaln\u0131zca devletler aras\u0131 m\u00fczakerelerle s\u0131n\u0131rl\u0131 kalmamas\u0131 gerekti\u011fi anlay\u0131\u015f\u0131ndan beslenmektedir. Forum, Antalya\u2019da Kas\u0131m 2026\u2019da ger\u00e7ekle\u015fecek olan COP31 s\u00fcrecine halk\u0131n do\u011frudan kat\u0131l\u0131m\u0131n\u0131 esas alan, yerel dinamikleri ulusal ve k\u00fcresel g\u00fcndeme ta\u015f\u0131may\u0131 hedefleyen, ayn\u0131 zamanda b\u00fct\u00fcnsel olanla ba\u011f\u0131n\u0131 da yitirmeyen bir yakla\u015f\u0131m getirmektedir. Bu anlamda iklim adaletinin&nbsp; yerel, ulusal ve uluslararas\u0131 ba\u015fl\u0131klar\u0131 bir b\u00fct\u00fcn halinde kabul edilmektedir. K\u0131saca, Antalya\u2019da kurulan bu forum, iklim adaleti konusunun taraf devletlerin veya b\u00fcrokrasinin tekeline b\u0131rak\u0131lamayaca\u011f\u0131n\u0131, eme\u011fin, do\u011fan\u0131n ve kentlerin s\u00f6z sahibi olaca\u011f\u0131 \u00f6zerk bir kamusal alan yarat\u0131lmas\u0131 gerekti\u011fini, bunun \u015feffafl\u0131k ilkesinin de do\u011fal sonucu oldu\u011funu ortaya koymaktad\u0131r.<\/p>\n\n\n\n<h2 class=\"wp-block-heading\"><strong>Sekreteryan\u0131n Kurulmas\u0131 ve Yap\u0131s\u0131<\/strong><\/h2>\n\n\n\n<p><strong>7. <\/strong>Forumun \u00f6nemli \u00e7\u0131kt\u0131lar\u0131ndan biri, Antalya \u0130klim Adaleti Forumu Sekreteryas\u0131n\u0131n kurulma karar\u0131d\u0131r. Forum sonunda al\u0131nan karar uyar\u0131nca, Antalya\u2019daki \u00e7evre, iklim ve kent m\u00fccadelelerini bir araya getirerek koordinasyonu sa\u011flayacak geni\u015f kat\u0131l\u0131ml\u0131 bir sekreterya olu\u015fturulacakt\u0131r. Bu sekreterya, forumun s\u00fcrd\u00fcr\u00fclmesi ve al\u0131nan kararlar\u0131n hayata ge\u00e7irilmesi noktas\u0131nda temel kolayla\u015ft\u0131r\u0131c\u0131 yap\u0131y\u0131 olu\u015fturacakt\u0131r. Yap\u0131s\u0131 yatay ve kat\u0131l\u0131mc\u0131 olan sekreterya, tek tip bir hiyerar\u015fik y\u00f6netim modeli yerine kolektif sorumluluk anlay\u0131\u015f\u0131yla hareket edecektir. Bu anlamda sekreterya statik ve hiyerar\u015fik olmak yerine a\u00e7\u0131k, esnek ve geni\u015fleyen bir yap\u0131da kurgulanacakt\u0131r.<\/p>\n\n\n\n<p><strong>8.<\/strong> Sekreterya, herkese a\u00e7\u0131k ve kapsay\u0131c\u0131 bir yap\u0131da tasarlanm\u0131\u015ft\u0131r. Forumda veya sonras\u0131nda iklim adaleti m\u00fccadelesine katk\u0131 sunmak isteyen t\u00fcm kurumlar, sivil toplum temsilcileri veya bireyler sekreteryada yer alabilir. Forumda bulunamam\u0131\u015f ancak bu ortak \u00e7abaya kat\u0131lmak isteyen \u00f6rg\u00fctlerin de sonradan sekreteryaya dahil olabilmeleri i\u00e7in kap\u0131lar a\u00e7\u0131kt\u0131r. B\u00f6ylece Antalya \u0130klim Adaleti Forumu Sekreteryas\u0131, m\u00fcmk\u00fcn olan en geni\u015f toplumsal temsiliyeti sa\u011flamay\u0131 ve ortak m\u00fccadele zemininin koordinasyon merkezi olmay\u0131 hedeflemektedir. Barolar, sendikalar, meslek odalar\u0131, \u00fcniversiteler, \u00e7evre platformlar\u0131, mahalle insiyatifleri ve ilgili t\u00fcm kesimlerin sekreterya \u00e7al\u0131\u015fmalar\u0131na kat\u0131l\u0131m\u0131 te\u015fvik edilmektedir. Bu anlamda forumun temel ilkelerine uyumluluk, s\u00fcrece katk\u0131 sunabilmek ve kolayla\u015ft\u0131r\u0131c\u0131l\u0131k fonksiyonunu yerine getirebilme fonksiyonlar\u0131 ana kriterler olarak ortaya \u00e7\u0131km\u0131\u015ft\u0131r. Sekreterya bu esaslara g\u00f6re ve gelen talepler do\u011frultusunda bir de\u011ferlendirme yap\u0131larak te\u015fekk\u00fcl edecektir.<\/p>\n\n\n\n<p><strong>9.<\/strong> Sekreteryan\u0131n g\u00f6revleri, forum kararlar\u0131n\u0131n takibini yapmak, ileti\u015fim ve bilgi ak\u0131\u015f\u0131n\u0131 sa\u011flamak, etkinlik ve kampanyalar\u0131 organize etmek, yerel sorunlarla ilgili veri ve raporlar\u0131 derlemek ve t\u00fcm bunlar\u0131 \u015feffaf bi\u00e7imde topluma duyurmakt\u0131r. Sekreterya, Antalya genelindeki ekoloji ve kent m\u00fccadelelerini ortak paydada bulu\u015fturacak bir koordinasyon a\u011f\u0131 i\u015flevi g\u00f6recektir. T\u00fcm s\u00fcre\u00e7ler olabildi\u011fince \u015feffaf y\u00fcr\u00fct\u00fclecek; toplant\u0131 tutanaklar\u0131, kararlar ve planlar kamuoyuyla payla\u015f\u0131lacakt\u0131r. Ayr\u0131ca sekreterya, \u00f6nemli kararlar\u0131 forum bile\u015fenlerinin onay\u0131na sunarak kat\u0131l\u0131mc\u0131 demokrasi ilkesine ba\u011fl\u0131 kalacakt\u0131r. Herkesin s\u00f6z ve karar sahibi olabilece\u011fi bu yap\u0131 sayesinde, Antalya\u2019daki iklim adaleti m\u00fccadelesi kal\u0131c\u0131 ve kurumsal bir kimlik kazanacakt\u0131r.<\/p>\n\n\n\n<h2 class=\"wp-block-heading\"><strong>\u0130klim Adaleti Tan\u0131m\u0131 ve \u0130lkeleri<\/strong><\/h2>\n\n\n\n<p><strong>10. <\/strong>Antalya \u0130klim Adaleti Forumu, iklim adaleti kavram\u0131n\u0131 merkeze almakta ve bu kavram\u0131 kapsaml\u0131 bir toplumsal adalet anlay\u0131\u015f\u0131yla tan\u0131mlamaktad\u0131r. \u0130klim krizi, yaln\u0131zca \u00e7evresel bir sorun de\u011fil; ayn\u0131 zamanda toplumsal e\u015fitsizlikleri derinle\u015ftiren, k\u0131r\u0131lgan kesimleri orant\u0131s\u0131z bi\u00e7imde etkileyen bir adalet sorunudur. Forum kat\u0131l\u0131mc\u0131lar\u0131n\u0131n ortak anlay\u0131\u015f\u0131na g\u00f6re iklim adaleti, iklim de\u011fi\u015fikli\u011finin yaratt\u0131\u011f\u0131 y\u00fck ve zararlar\u0131n adil olmayan da\u011f\u0131l\u0131m\u0131na kar\u015f\u0131 \u00e7\u0131kmak ve en az sorumlulu\u011fu olanlar\u0131n en \u00e7ok zarar g\u00f6rmesini engellemek anlam\u0131na gelmektedir. Bu \u00e7er\u00e7evede, iklim adaleti m\u00fccadelesi insan haklar\u0131 merkezli olmak zorundad\u0131r; \u00e7\u00fcnk\u00fc iklim kriziyle m\u00fccadele, temel insan haklar\u0131n\u0131n (sa\u011fl\u0131kl\u0131 bir \u00e7evrede ya\u015fama hakk\u0131, suya ve g\u0131daya eri\u015fim hakk\u0131, bar\u0131nma hakk\u0131 vb.) korunmas\u0131yla do\u011frudan ba\u011flant\u0131l\u0131d\u0131r.<\/p>\n\n\n\n<p><strong>11. <\/strong>Forumda yap\u0131lan tart\u0131\u015fmalarda vurguland\u0131\u011f\u0131 \u00fczere, iklim krizi toplumun t\u00fcm kesimlerini e\u015fit etkilememektedir. Yoksullar, i\u015f\u00e7iler, kad\u0131nlar, \u00e7ocuklar, ya\u015fl\u0131lar, g\u00f6\u00e7menler, engelliler, dezavantajl\u0131 ve yoksun b\u0131rak\u0131lm\u0131\u015f gruplar iklim de\u011fi\u015fikli\u011finin etkilerine kar\u015f\u0131 en savunmas\u0131z olanlar\u0131 olu\u015fturmaktad\u0131r. \u0130klim adaleti tan\u0131m\u0131, tam da bu kesimlerin haklar\u0131n\u0131 ve ihtiya\u00e7lar\u0131n\u0131 merkeze almaktad\u0131r. Bu anlamda sosyal adalet ile iklim adaleti birbirinden ayr\u0131 d\u00fc\u015f\u00fcn\u00fclemeyecek niteliktedir. &nbsp;\u0130klim adaleti, mevcut ekonomik ve toplumsal d\u00fczenin \u00fcretti\u011fi e\u015fitsizliklerin ortadan kald\u0131r\u0131lmas\u0131 amac\u0131yla toplumsal cinsiyet e\u015fitsizli\u011fi dahil her t\u00fcrl\u00fc ayr\u0131mc\u0131l\u0131\u011fa kar\u015f\u0131 duyarl\u0131 bir yakla\u015f\u0131m\u0131 i\u00e7ermektedir. Bu nedenle forum, iklim politikalar\u0131n\u0131n olu\u015fturulmas\u0131nda ve uygulanmas\u0131nda k\u0131r\u0131lgan toplumsal gruplar\u0131n korunmas\u0131n\u0131, karar s\u00fcre\u00e7lerine dahil edilmesini ve seslerinin duyulmas\u0131n\u0131 temel bir ilke olarak benimsemi\u015ftir.<\/p>\n\n\n\n<p><strong>12.<\/strong> \u0130klim adaleti anlay\u0131\u015f\u0131m\u0131z, do\u011fal ve kentsel \u00e7evrenin haklar\u0131n\u0131n da g\u00f6zetilmesini gerektirmektedir. Bu bak\u0131\u015f a\u00e7\u0131s\u0131na g\u00f6re, kentlerimiz insan haklar\u0131na dayal\u0131 ve ya\u015fanabilir mekanlar olmal\u0131; do\u011fa ise yaln\u0131zca korunacak bir kaynak de\u011fil, ayn\u0131 zamanda kendi de\u011ferine sahip bir varl\u0131k olarak kabul edilmelidir. \u0130klim adaleti, bir yandan eme\u011fin g\u00fcvencesini ve adil ge\u00e7im hakk\u0131n\u0131 savunurken, di\u011fer yandan sa\u011fl\u0131kl\u0131 ve temiz bir \u00e7evrede ya\u015fama hakk\u0131n\u0131 t\u00fcm canl\u0131lar i\u00e7in g\u00fcvence alt\u0131na almay\u0131 hedeflemektedir. Bu kapsay\u0131c\u0131 tan\u0131m uyar\u0131nca, insan haklar\u0131na dayal\u0131 kentler in\u015fa etmek ve dayan\u0131kl\u0131 topluluklar olu\u015fturmak iklim adaletinin ayr\u0131lmaz par\u00e7as\u0131n\u0131 ifade etmektedir.<\/p>\n\n\n\n<p><strong>13. <\/strong>\u0130nsan haklar\u0131na dayal\u0131 kent vizyonu, \u015fehir planc\u0131l\u0131\u011f\u0131ndan altyap\u0131ya kadar t\u00fcm kentsel politikalar\u0131n iklim krizinin etkilerini azaltacak ve sosyal e\u015fitsizlikleri giderecek \u015fekilde planlanmas\u0131n\u0131 gerektirmektedir. Dayan\u0131kl\u0131 topluluklar ise iklim de\u011fi\u015fikli\u011finin yol a\u00e7t\u0131\u011f\u0131 afet ve zorluklara kar\u015f\u0131 birlikte hareket edebilen, dayan\u0131\u015fma pratikleri g\u00fc\u00e7l\u00fc, uyum kapasitesi y\u00fcksek topluluklar niteli\u011findedir. Forum, Antalya\u2019y\u0131 ve t\u00fcm yerel topluluklar\u0131m\u0131z\u0131 iklim krizine kar\u015f\u0131 dayan\u0131kl\u0131 hale getirmek amac\u0131yla, sosyal adaleti iklim eyleminin temeline koyan bir m\u00fccadele hatt\u0131 benimsemi\u015ftir.<\/p>\n\n\n\n<p><strong>14. <\/strong>Bu anlamda Antalya \u0130klim Adaleti Forumu\u2019nun iklim adaleti tan\u0131m\u0131; eme\u011fin g\u00fcvencesini, toplumsal e\u015fitli\u011fi, kent ve do\u011fa haklar\u0131n\u0131, ku\u015faklar aras\u0131 adaleti ve k\u00fcresel adalet ilkelerini b\u00fct\u00fcnc\u00fcl bi\u00e7imde ele almay\u0131 zorunlu k\u0131lmaktad\u0131r. \u0130klim adaleti, yaln\u0131zca karbon sal\u0131mlar\u0131n\u0131 azaltma meselesi de\u011fil, ayn\u0131 zamanda ekonomik ve toplumsal yap\u0131n\u0131n adil d\u00f6n\u00fc\u015f\u00fcm\u00fc meselesidir. Bu ilkesel duru\u015f do\u011frultusunda forumumuz, iklim krizine kar\u015f\u0131 m\u00fccadeleyi t\u00fcm ezilenlerin ve do\u011fan\u0131n hak m\u00fccadelesi olarak g\u00f6rmektedir.<\/p>\n\n\n\n<p><strong>15.<\/strong> Forumumuz; bu \u00fclkenin topra\u011f\u0131na, do\u011fas\u0131na, havas\u0131na ve suyuna sahip \u00e7\u0131kt\u0131\u011f\u0131 i\u00e7in katledilen Aysin B\u00fcy\u00fcknohut\u00e7u, Ali Ulvi B\u00fcy\u00fcknohut\u00e7uve Hakan Tosun gibi \u00e7evre savunucular\u0131n\u0131n onurlu miras\u0131n\u0131 iklim adaleti m\u00fccadelesinin kalbinde tan\u0131mlamaktad\u0131r. Do\u011fa ve kent m\u00fc\u015ftereklerinin savunuculu\u011funun bedelinin ya\u015fam hakk\u0131 ihlali oldu\u011fu bir d\u00fczeni asla kabul etmemektedir. Ayn\u0131 kararl\u0131l\u0131kla; do\u011fay\u0131, toplumu ve kent m\u00fc\u015ftereklerini savundu\u011fu i\u00e7in hukuk d\u0131\u015f\u0131 y\u00f6ntemlerle, Anayasa Mahkemesi kararlar\u0131na ayk\u0131r\u0131 \u015fekilde cezaevlerinde tutulan, \u00f6zg\u00fcrl\u00fckleri k\u0131s\u0131tlanan Can Atalay\u2019\u0131n ve t\u00fcm \u00e7evre savunucular\u0131n\u0131n yan\u0131nda olacakt\u0131r. \u0130klim adaleti forumu bu tip yarg\u0131sal pratikleri kamu kat\u0131l\u0131m\u0131na kar\u015f\u0131 y\u00fcr\u00fct\u00fclen, hukuki temeli olmayan stratejik davalar olarak tan\u0131mlamaktad\u0131r. Dolay\u0131s\u0131yla \u00e7evre ve kent haklar\u0131n\u0131n icras\u0131 bak\u0131m\u0131ndan yurtta\u015flar i\u00e7in cayd\u0131r\u0131c\u0131l\u0131k yaratan bu uygulamalar\u0131 birer hak ihlali ve iklim adaleti m\u00fccadelesine vurulmu\u015f birer pranga olarak g\u00f6rmektedir. Bu anlamda gerek ya\u015fam gerekse de \u00f6zg\u00fcrl\u00fck hakk\u0131n\u0131n ihlalleriyle sonu\u00e7lanan davalarda adalet yerini bulana kadar bu davalar\u0131n takip\u00e7isi olaca\u011f\u0131m\u0131z\u0131 ve bu iradeyi sahiplenece\u011fimizi beyan ediyoruz.<\/p>\n\n\n\n<h2 class=\"wp-block-heading\"><strong>Antalya Ba\u011flam\u0131nda \u0130klim Adaletsizli\u011fi: Yerel Sorunlar ve \u0130hlaller<\/strong><\/h2>\n\n\n\n<p><strong>16.<\/strong> Antalya \u0130klim Adaleti Forumu, k\u00fcresel iklim krizinin Antalya \u00f6zelindeki yans\u0131malar\u0131na dikkat \u00e7ekmi\u015ftir. Antalya, do\u011fal g\u00fczellikleri ve biyolojik \u00e7e\u015fitlili\u011fi ile \u00fcnl\u00fc bir kent olmakla birlikte, ne yaz\u0131k ki y\u0131llard\u0131r ekolojik y\u0131k\u0131m ve hak ihlalleri ile an\u0131lmaktad\u0131r. Forum s\u0131ras\u0131nda kat\u0131l\u0131mc\u0131lar, Antalya\u2019da ya\u015fanan somut \u00e7evre tahribat\u0131 \u00f6rneklerini ve bunlar\u0131n yaratt\u0131\u011f\u0131 adaletsizlikleri dile getirmi\u015flerdir. Bu \u00f6rnekler, iklim adaleti m\u00fccadelesinin yerel \u00f6l\u00e7ekte ne denli elzem oldu\u011funu g\u00f6zler \u00f6n\u00fcne sermektedir:<\/p>\n\n\n\n<ul class=\"wp-block-list\">\n<li><strong>K\u0131y\u0131lar\u0131n ve Do\u011fal Alanlar\u0131n Tahribat\u0131: <\/strong>Antalya\u2019n\u0131n k\u0131y\u0131lar\u0131 ve sahil \u015feridi, turizm ve rant u\u011fruna yo\u011fun bir betonla\u015fmaya ve yap\u0131la\u015fmaya maruz kalmaktad\u0131r. Kentsel d\u00f6n\u00fc\u015f\u00fcm ad\u0131 alt\u0131nda sahillerin betonla kaplanmas\u0131, halk\u0131n k\u0131y\u0131 alanlar\u0131na eri\u015fim hakk\u0131n\u0131 k\u0131s\u0131tlad\u0131\u011f\u0131 gibi, deniz ekosistemlerine de zarar vermektedir. Ayr\u0131ca, kentin baz\u0131 b\u00f6lgelerinde do\u011fal sit alanlar\u0131 ve korunan b\u00f6lgeler imara a\u00e7\u0131lmakta, kent ve do\u011fa haklar\u0131 ihlal edilmektedir. Forum, Antalya\u2019n\u0131n bir turizm vitrini olarak sunulmas\u0131n\u0131n ard\u0131nda, do\u011fan\u0131n sermayenin rant alan\u0131 haline getirildi\u011fi uygulamalara kar\u015f\u0131 uyar\u0131da bulunmu\u015ftur. Kentimizin vitrin de\u011fil, ekolojik y\u0131k\u0131m\u0131n tan\u0131\u011f\u0131 haline gelmesine yol a\u00e7an bu politikalara kar\u015f\u0131 birlikte m\u00fccadele etmek gerekti\u011fi vurgulanm\u0131\u015ft\u0131r.<\/li>\n<\/ul>\n\n\n\n<ul class=\"wp-block-list\">\n<li><strong>Tar\u0131m Alanlar\u0131 ve Su Varl\u0131klar\u0131:<\/strong> Antalya, verimli tar\u0131m ovalar\u0131yla T\u00fcrkiye\u2019nin \u00f6nemli g\u0131da \u00fcretim merkezlerinden biridir. Ancak kontrols\u00fcz kentle\u015fme ve end\u00fcstriyel projeler, tar\u0131m alanlar\u0131n\u0131n yok edilmesine ve k\u00fc\u00e7\u00fclmesine yol a\u00e7maktad\u0131r. K\u0131rsal b\u00f6lgelerde son y\u0131llarda artan mermer ve ta\u015f ocaklar\u0131 faaliyetleri, hem ormanlara hem de tar\u0131m arazilerine zarar vermekte, su havzalar\u0131n\u0131 kirletmektedir. \u0130klim krizinin \u015fiddetlendirdi\u011fi kurakl\u0131k tehlikesine ra\u011fmen, g\u00f6llerimiz ve yeralt\u0131 su kaynaklar\u0131m\u0131z plans\u0131z kullan\u0131m nedeniyle t\u00fckenme riskiyle kar\u015f\u0131 kar\u015f\u0131yad\u0131r. \u00d6rne\u011fin, kuruyan g\u00f6ller ve azalan su rezervleri, b\u00f6lgede hem ekosistemleri tahrip etmekte hem de \u00e7ift\u00e7ilerin suya eri\u015fimini k\u0131s\u0131tlamaktad\u0131r. Forum, su hakk\u0131n\u0131n iklim adaletinin temel bir par\u00e7as\u0131 oldu\u011funu belirterek, Antalya\u2019da su varl\u0131klar\u0131n\u0131n korunmas\u0131n\u0131 ve g\u0131da g\u00fcvenli\u011finin sa\u011flanmas\u0131n\u0131 talep etmektedir.<\/li>\n<\/ul>\n\n\n\n<ul class=\"wp-block-list\">\n<li>\u0130klim krizine ba\u011fl\u0131 olarak s\u0131kl\u0131\u011f\u0131 ve \u015fiddeti artan sel, kurakl\u0131k ve a\u015f\u0131r\u0131 hava olaylar\u0131ndan en do\u011frudan etkilenen kesimlerin ba\u015f\u0131nda \u00e7ift\u00e7iler ve yerel \u00fcreticiler gelmektedir. Tar\u0131msal \u00fcretimi ve g\u0131da g\u00fcvenli\u011fini tehdit eden bu s\u00fcre\u00e7te, eme\u011fiyle topra\u011f\u0131 i\u015fleyen ancak iklim adaletsizli\u011fi nedeniyle m\u00fclks\u00fczle\u015fme ve yoksulla\u015fma tehdidi alt\u0131nda kalan t\u00fcm \u00e7ift\u00e7ilerin m\u00fccadelesine omuz veriyoruz. Selden ve afetlerden etkilenen \u00fcreticilerin zararlar\u0131n\u0131n tazmin edilmesi ve iklim dostu tar\u0131m politikalar\u0131n\u0131n hayata ge\u00e7irilmesi i\u00e7in m\u00fccadele edilecektir.<\/li>\n<\/ul>\n\n\n\n<ul class=\"wp-block-list\">\n<li><strong>Ormanlar ve Ekosistemler : <\/strong>Antalya, ayn\u0131 zamanda ormanl\u0131k alanlar\u0131 ve zengin biyolojik \u00e7e\u015fitlili\u011fiyle tan\u0131nmaktad\u0131r. Ancak son y\u0131llarda ormanlar, gerek iklim de\u011fi\u015fikli\u011finin etkisiyle artan b\u00fcy\u00fck orman yang\u0131nlar\u0131, gerekse maden ve enerji projeleri nedeniyle ciddi tehdit alt\u0131ndad\u0131r. \u00d6zellikle yaz aylar\u0131nda ya\u015fanan geni\u015f \u00e7apl\u0131 yang\u0131nlar, hem orman ekosistemlerini yok etmekte hem de bu alanlara ba\u011f\u0131ml\u0131 ya\u015fayan k\u00f6yl\u00fcleri g\u00f6\u00e7e zorlamaktad\u0131r. Bu durum bir m\u00fclks\u00fczle\u015ftirme ve yerinden edilmenin somut bir \u00f6rne\u011fini meydana getirmektedir. Yang\u0131nda yok olan ormanl\u0131k alanlar\u0131n yap\u0131la\u015fmaya a\u00e7\u0131lmas\u0131 ise ormanlar\u0131n korunmas\u0131na ili\u015fkin en temel anayasal h\u00fck\u00fcmleri g\u00f6z ard\u0131 etmektedir. Bunun yan\u0131 s\u0131ra, ormanl\u0131k alanlar\u0131n madencilik faaliyetlerine a\u00e7\u0131lmas\u0131 ve HES (Hidroelektrik Santral) projeleri i\u00e7in tahrip edilmesi, do\u011fa talan\u0131n\u0131n endi\u015fe verici boyutlara ula\u015ft\u0131\u011f\u0131n\u0131 g\u00f6stermektedir. Forumda, ormanlar\u0131n ve m\u00fc\u015fterek do\u011fal varl\u0131klar\u0131n savunulmas\u0131 gerekti\u011fi g\u00fc\u00e7l\u00fc bir bi\u00e7imde ifade edilmi\u015ftir. Kent ya\u015fam\u0131 kadar k\u0131rsal alanlar\u0131n da iklim adaleti perspektifiyle korunmas\u0131, Antalya\u2019n\u0131n gelece\u011fi i\u00e7in hayati g\u00f6r\u00fclmektedir.<\/li>\n<\/ul>\n\n\n\n<ul class=\"wp-block-list\">\n<li><strong>Kentle\u015fme ve Rant Politikalar\u0131 : <\/strong>Antalya\u2019da plans\u0131z ve rant odakl\u0131 kentle\u015fme politikalar\u0131, kent hakk\u0131n\u0131 ihlal eden \u00f6rneklerle doludur. Son d\u00f6nemde kent merkezinde tarihi ve kamusal \u00f6nemi olan alanlar\u0131n (\u00f6rne\u011fin bir m\u00fczenin) y\u0131k\u0131larak yerine rant getirecek projelerin yap\u0131lmas\u0131, dere yataklar\u0131na riskli in\u015faatlar ger\u00e7ekle\u015ftirilmesi gibi uygulamalar \u00e7evresel tahribat\u0131 derinle\u015ftirmi\u015ftirmektedir. Do\u011fal ve be\u015feri m\u00fclterekleri ortadan kald\u0131ran bu t\u00fcr projeler, ekolojik risklerin yan\u0131 s\u0131ra deprem ve sel gibi afetlere kar\u015f\u0131 kenti savunmas\u0131z b\u0131rakmakta, halk\u0131n tamamen d\u0131\u015fland\u0131\u011f\u0131 ve \u015feffaf olmayan bir d\u00fczlemde al\u0131nd\u0131\u011f\u0131 i\u00e7in demokratik me\u015fruiyetten de yoksun kalmaktad\u0131r. Forum, rant ve betonla\u015fmaya kar\u015f\u0131 m\u00fccadeleyi iklim adaletinin ayr\u0131lmaz bir par\u00e7as\u0131 olarak tan\u0131mlam\u0131\u015ft\u0131r. Antalya\u2019n\u0131n kamusal alanlar\u0131n\u0131n, parklar\u0131n\u0131n, derelerinin ve ye\u015fil alanlar\u0131n\u0131n sermaye birikimine feda edilmesine kar\u015f\u0131 \u00e7\u0131k\u0131lmakta; kentsel planlaman\u0131n insan ve do\u011fa odakl\u0131, \u015feffaf ve kat\u0131l\u0131mc\u0131 bir anlay\u0131\u015fla yeniden ele al\u0131nmas\u0131 talep edilmektedir.<\/li>\n<\/ul>\n\n\n\n<ul class=\"wp-block-list\">\n<li>Kentlerin bilime ayk\u0131r\u0131 \u015fekilde betona bo\u011fulmas\u0131n\u0131n ve rant h\u0131rs\u0131yla do\u011fal e\u015fiklerin a\u015f\u0131lmas\u0131n\u0131n en ac\u0131 sonucu olan 6 \u015eubat depremlerinde yitirdi\u011fimiz on binlerce can\u0131n sorumlular\u0131ndan adalet \u00f6n\u00fcnde hesap sorulmas\u0131, iklim adaleti m\u00fccadelemizin ayr\u0131lmaz bir par\u00e7as\u0131d\u0131r. Rant odakl\u0131 politikalar\u0131n yaratt\u0131\u011f\u0131 bu toplumsal y\u0131k\u0131m\u0131n bir daha ya\u015fanmamas\u0131 i\u00e7in deprem davalar\u0131 ba\u015fta olmak \u00fczere kent ve \u00e7evre hakk\u0131n\u0131 ihlal eden su\u00e7lar\u0131n takip\u00e7isi olaca\u011f\u0131z. Bu felaketin bir &#8220;kader&#8221; de\u011fil, sistematik bir kent su\u00e7u oldu\u011funu toplum haf\u0131zas\u0131nda diri tutmak ve adaletin tecellisi i\u00e7in dayan\u0131\u015fmay\u0131 b\u00fcy\u00fctece\u011fiz.<\/li>\n<\/ul>\n\n\n\n<ul class=\"wp-block-list\">\n<li><strong>G\u00f6\u00e7 ve \u0130klim S\u00fcrg\u00fcnleri: <\/strong>\u0130klim krizi, d\u00fcnya genelinde oldu\u011fu gibi T\u00fcrkiye\u2019de de g\u00f6\u00e7 hareketlerini tetikleyen bir fakt\u00f6r olarak ortaya \u00e7\u0131kmaktad\u0131r. Antalya, bir yandan iklim de\u011fi\u015fikli\u011fi nedeniyle tar\u0131m yapamaz hale gelen ya da do\u011fal afetler sonucu yerinden olan insanlar\u0131n g\u00f6\u00e7 rotas\u0131nda bulunan bir kenttir. Di\u011fer yandan, Antalya\u2019n\u0131n kendi k\u0131rsal n\u00fcfusu da ekolojik y\u0131k\u0131mlar sebebiyle yer de\u011fi\u015ftirmek zorunda kalabilmektedir (\u00f6rne\u011fin orman yang\u0131nlar\u0131 sonras\u0131 k\u00f6y bo\u015falmalar\u0131 gibi). Forum, bu durumu \u201ciklim s\u00fcrg\u00fcnleri\u201d olgusu olarak ele alm\u0131\u015f ve iklim adaletinin, yerinden edilen topluluklar\u0131n haklar\u0131n\u0131 savunmay\u0131 da i\u00e7ermesi gerekti\u011fini vurgulam\u0131\u015ft\u0131r. G\u00f6\u00e7menlerin ve m\u00fcltecilerin iklim krizinden orant\u0131s\u0131z etkilenmesi, bar\u0131nma ve ya\u015fama ko\u015fullar\u0131n\u0131n k\u0131r\u0131lgan olmas\u0131 da dile getirilmi\u015f; Antalya\u2019n\u0131n iklim adaletine duyarl\u0131 bir kent olarak t\u00fcm sakinlerine sahip \u00e7\u0131kmas\u0131 gerekti\u011fi ifade edilmi\u015ftir.<\/li>\n<\/ul>\n\n\n\n<p>Yukar\u0131daki s\u0131n\u0131rland\u0131r\u0131c\u0131 de\u011fil \u00f6rnekseme bi\u00e7iminde ele al\u0131nan \u00f6rnekler, Antalya\u2019n\u0131n iklim adaleti m\u00fccadelesine \u00f6zg\u00fc yerel \u00f6ncelikleri ortaya koymaktad\u0131r. Bu ba\u011flamda forum, Antalya\u2019da kent ve do\u011fa haklar\u0131n\u0131n korunmas\u0131, ekolojik y\u0131k\u0131ma yol a\u00e7an uygulamalar\u0131n durdurulmas\u0131 ve iklim krizine kar\u015f\u0131 toplumun t\u00fcm kesimlerinin adil ve etkili \u015fekilde korunmas\u0131 i\u00e7in yetkililere \u00e7a\u011fr\u0131da bulunmaktad\u0131r. Antalya, sadece uluslararas\u0131 bir diplomasi vitrini de\u011fil; ayn\u0131 zamanda \u00e7\u00f6z\u00fcm bekleyen somut \u00e7evre sorunlar\u0131n\u0131n ya\u015fand\u0131\u011f\u0131 bir kenttir. \u0130klim adaleti perspektifiyle, yereldeki y\u0131k\u0131m \u00f6rneklerine dur demek ve hak ihlallerini gidermek, forumun \u00f6ncelikli hedeflerindendir.<\/p>\n\n\n\n<h2 class=\"wp-block-heading\"><strong>Forumun Amac\u0131 ve Misyonu<\/strong><\/h2>\n\n\n\n<p><strong>17. <\/strong>Antalya \u0130klim Adaleti Forumu, ortaya \u00e7\u0131k\u0131\u015f amac\u0131 ve misyonu itibariyle \u00e7ok boyutlu bir hak m\u00fccadelesi platformudur. Forumun temel amac\u0131, iklim kriziyle ba\u011flant\u0131l\u0131 t\u00fcm adaletsizlik alanlar\u0131nda kolektif \u00e7\u00f6z\u00fcmler \u00fcretmek ve kentin gelece\u011fine sahip \u00e7\u0131kmakt\u0131r. Bu kapsamda forum, kendine a\u015fa\u011f\u0131daki misyon ve hedefleri belirlemi\u015ftir:<\/p>\n\n\n\n<ul class=\"wp-block-list\">\n<li><strong>Kent Hakk\u0131n\u0131n Savunulmas\u0131: <\/strong>Forum, her Antalya sakininin sa\u011fl\u0131kl\u0131, g\u00fcvenli, s\u00fcrd\u00fcr\u00fclebilir ve ya\u015fanabilir bir kente sahip olma hakk\u0131n\u0131 savunmaktad\u0131r. Kent hakk\u0131, \u015fehirde ya\u015fayan herkesin kent y\u00f6netimine kat\u0131l\u0131m\u0131n\u0131, kentsel kaynaklardan adil bi\u00e7imde yararlanmas\u0131n\u0131 ve kentsel mekanlar\u0131n rant u\u011fruna feda edilmemesini gerektirir. Antalya\u2019n\u0131n h\u0131zl\u0131 b\u00fcy\u00fcme ve turizm bask\u0131s\u0131 alt\u0131nda \u015fekillenen kentle\u015fme politikalar\u0131na kar\u015f\u0131, insan odakl\u0131 ve iklim dostu bir kentsel geli\u015fim vizyonu forumun temel hedeflerindendir. \u0130klim krizine kar\u015f\u0131 savunmas\u0131z b\u0131rak\u0131lan kentlerimizde; betonla\u015fma yerine do\u011fa tabanl\u0131 \u00e7\u00f6z\u00fcmlerin esas al\u0131nd\u0131\u011f\u0131, afetlere kar\u015f\u0131 haz\u0131rl\u0131kl\u0131 ve diren\u00e7li kentlerin in\u015fa edilmesi temel talebimizdir. Kent hakk\u0131, yaln\u0131zca fiziksel bir mekanda ya\u015fama hakk\u0131 de\u011fil, ayn\u0131 zamanda kentin gelece\u011fi \u00fczerinde s\u00f6z sahibi olma ve iklim krizine kar\u015f\u0131 g\u00fcvenli bir \u00e7evrede ya\u015fama hakk\u0131d\u0131r.<\/li>\n<\/ul>\n\n\n\n<ul class=\"wp-block-list\">\n<li><strong>Emek Hakk\u0131 ve Adil Ge\u00e7im: <\/strong>\u0130klim adaleti, emek adaletinden ayr\u0131 d\u00fc\u015f\u00fcn\u00fclemez. Forum, iklim politikalar\u0131n\u0131n ve d\u00f6n\u00fc\u015f\u00fcm projelerinin emek\u00e7ilerin haklar\u0131n\u0131 g\u00f6zeterek planlanmas\u0131n\u0131 savunmaktad\u0131r. \u201cYe\u015fil d\u00f6n\u00fc\u015f\u00fcm\u201d s\u00f6ylemi alt\u0131nda ortaya konan projelerde i\u015f\u00e7i haklar\u0131n\u0131n ve k\u00fc\u00e7\u00fck \u00fcreticilerin korunmas\u0131 forumun \u00f6nceli\u011fidir. \u0130klim krizinin yaratt\u0131\u011f\u0131 ekonomik y\u00fck\u00fcn emek\u00e7iler \u00fczerine y\u0131k\u0131lmas\u0131na, i\u015f\u00e7ilerin g\u00fcvencesizli\u011fe itilmesine kar\u015f\u0131 durulacakt\u0131r. Emek hakk\u0131, iklim adaleti m\u00fccadelesinin temel ta\u015flar\u0131ndan birini fade etmektedir; \u00e7\u00fcnk\u00fc iklim kriziyle ba\u015fa \u00e7\u0131karken kimsenin ge\u00e7im kaynaklar\u0131ndan mahrum b\u0131rak\u0131lmamas\u0131, adil bir ge\u00e7i\u015f\u00a0 s\u00fcrecinin sa\u011flanmas\u0131 \u015fartt\u0131r.<\/li>\n<\/ul>\n\n\n\n<ul class=\"wp-block-list\">\n<li><strong>\u0130\u015f Cinayetleri\u00a0 : <\/strong>\u00a0Fosil yak\u0131t odakl\u0131 enerji politikalar\u0131 ve sermayenin s\u0131n\u0131rs\u0131z kar h\u0131rs\u0131, yaln\u0131zca do\u011fay\u0131 tahrip etmekle kalmamakta, ayn\u0131 zamanda emek\u00e7ilerin ya\u015fam hakk\u0131n\u0131 da do\u011frudan tehdit etmektedir. Soma katliam\u0131, fosil yak\u0131t \u015firketlerinin \u00fcretim maliyetlerini d\u00fc\u015f\u00fcrmek ad\u0131na i\u015f\u00e7i sa\u011fl\u0131\u011f\u0131 ve g\u00fcvenli\u011fi \u00f6nlemlerini nas\u0131l birer &#8216;maliyet unsuru&#8217; olarak g\u00f6rd\u00fc\u011f\u00fcn\u00fcn ve kamu denetiminin sermaye lehine nas\u0131l devre d\u0131\u015f\u0131 b\u0131rak\u0131ld\u0131\u011f\u0131n\u0131n en ac\u0131 haf\u0131zas\u0131n\u0131 olu\u015fturmaktad\u0131r. \u0130klim krizinin temel faili olan bu \u015firketler, yeralt\u0131 kaynaklar\u0131n\u0131 \u00e7\u0131kar\u0131rken hem ekolojik y\u0131k\u0131ma hem de binlerce can\u0131n yitirildi\u011fi toplumsal trajedilere imza atmaktad\u0131r. Soma\u2019dan ald\u0131\u011f\u0131m\u0131z en temel ders; eme\u011fin can g\u00fcvenli\u011finin ve insan onuruna yak\u0131\u015f\u0131r \u00e7al\u0131\u015fma ko\u015fullar\u0131n\u0131n sa\u011flanmad\u0131\u011f\u0131 hi\u00e7bir enerji politikas\u0131n\u0131n &#8216;kamu yarar\u0131&#8217; ta\u015f\u0131yamayaca\u011f\u0131d\u0131r. Bu nedenle, Antalya \u0130klim Adaleti Forumu olarak; fosil yak\u0131t \u015firketlerinin yaratt\u0131\u011f\u0131 ya\u015fam hakk\u0131 ihlallerine kar\u015f\u0131 durmay\u0131, &#8216;adil ge\u00e7i\u015f&#8217; s\u00fcrecinde eme\u011fin can g\u00fcvenli\u011fini tart\u0131\u015fmas\u0131z bir \u00f6ncelik olarak savunmay\u0131 ve madenlerdeki s\u00f6m\u00fcr\u00fc d\u00fczeninin ortadan kald\u0131r\u0131lmas\u0131 i\u00e7in m\u00fccadele etmeyi iklim adaleti m\u00fccadelesinin bir par\u00e7as\u0131 olarak kabul ediyoruz.<\/li>\n<\/ul>\n\n\n\n<ul class=\"wp-block-list\">\n<li><strong>\u00a0Bar\u0131nma Hakk\u0131\u00a0\u00a0 :\u00a0 <\/strong>\u0130klim Adaleti Forumu, her yurtta\u015f\u0131n onurlu ya\u015fam \u015fartlar\u0131nda, g\u00fcvenli ve eri\u015filebilir bir bar\u0131nma hakk\u0131na sahip olmas\u0131n\u0131 temel bir gereklilik olarak kabul eder. Bug\u00fcn Antalya, T\u00fcrkiye\u2019nin bar\u0131nma krizini en derin ya\u015fayan kentlerinden biri haline gelmi\u015ftir. Asgari \u00fccretin dahi \u00fczerine \u00e7\u0131kan fahi\u015f kira fiyatlar\u0131 ve genel hayat pahal\u0131l\u0131\u011f\u0131, halk\u0131n b\u00fcy\u00fck bir kesimini sa\u011fl\u0131ks\u0131z, g\u00fcvensiz ve iklim risklerine a\u00e7\u0131k konutlarda ya\u015famaya mahk\u00fbm etmektedir. Bar\u0131nma, piyasa ko\u015fullar\u0131na ve rant h\u0131rs\u0131na terk edilemeyecek kadar hayati bir insan hakk\u0131d\u0131r. Bu ekonomik adaletsizlik, iklim krizinin yaratt\u0131\u011f\u0131 do\u011fal afetlerle birle\u015fti\u011finde toplumsal bir y\u0131k\u0131ma d\u00f6n\u00fc\u015fmektedir. Antalya\u2019da yetersiz altyap\u0131 ve plans\u0131z kentle\u015fme nedeniyle ya\u015fanan her \u015fiddetli ya\u011f\u0131\u015fta, \u00f6zellikle kentin \u00e7eperlerinde ve dar gelirli mahallelerinde evleri su basmakta, yurtta\u015flar\u0131n ya\u015fam alanlar\u0131 tahrip olmaktad\u0131r. Fahi\u015f kiralar alt\u0131nda ezilen emek\u00e7iler, her ya\u011fmurda evini sel basmas\u0131 korkusuyla ba\u015f ba\u015fa b\u0131rak\u0131lmaktad\u0131r. Antalya \u0130klim Adaleti Forumu olarak; fahi\u015f kira art\u0131\u015flar\u0131na kar\u015f\u0131 kamusal denetimini ve bar\u0131nma hakk\u0131n\u0131n sel, deprem gibi afetlere kar\u015f\u0131 mutlak surette g\u00fcvence alt\u0131na al\u0131nmas\u0131n\u0131 talep etmektedir. Kimsenin bar\u0131nma ihtiyac\u0131 ile hayatta kalma m\u00fccadelesi aras\u0131nda se\u00e7im yapmak zorunda kalmad\u0131\u011f\u0131 bir kent ve toplum i\u00e7in m\u00fccadele edece\u011fiz.<\/li>\n<\/ul>\n\n\n\n<ul class=\"wp-block-list\">\n<li><strong>Ekolojik Haklar ve Do\u011fa Koruma: <\/strong>Forumun misyonu, ekolojik haklar\u0131 koruyarak insan ve di\u011fer canl\u0131lar\u0131n ya\u015fam alanlar\u0131n\u0131 savunmakt\u0131r. Do\u011fan\u0131n haklar\u0131 kavram\u0131, ormanlar\u0131n, nehirlerin, denizlerin ve t\u00fcm ekosistemlerin kendi do\u011fal d\u00f6ng\u00fclerini s\u00fcrd\u00fcrebilme hakk\u0131n\u0131 i\u00e7erir. Antalya \u00f6zelinde, denizin, orman\u0131n, tar\u0131m topra\u011f\u0131n\u0131n haklar\u0131; yani tahrip edilmeden var olma ve gelecek ku\u015faklara aktar\u0131lma hakk\u0131 savunulacakt\u0131r. Bu kapsamda forum, do\u011fal alanlar\u0131n ticarile\u015ftirilmesine, m\u00fc\u015fterek varl\u0131klar\u0131n talan\u0131na kar\u015f\u0131 durmay\u0131 varolu\u015fsal g\u00f6revi kabul etmektedir. \u00a0Ekolojik haklar\u0131n savunusu, ayn\u0131 zamanda insan topluluklar\u0131n\u0131n sa\u011fl\u0131kl\u0131 ve dengeli bir \u00e7evrede ya\u015fama hakk\u0131n\u0131n korunmas\u0131 demektir.<\/li>\n<\/ul>\n\n\n\n<ul class=\"wp-block-list\">\n<li><strong>Yeni Kamusal Alanlar ve Kolektif Ya\u015fam:<\/strong> Forum, yeni kamusal alanlar yaratmay\u0131 ve mevcut kamusal alanlar\u0131 korumay\u0131 hedeflemektedir. \u0130klim adaleti m\u00fccadelesi sadece politik de\u011fil ayn\u0131 zamanda toplumsal ve k\u00fclt\u00fcrel bir d\u00f6n\u00fc\u015f\u00fcm\u00fc de i\u00e7ermektedir. Bu nedenle, parklar, meydanlar, k\u00fct\u00fcphaneler, k\u00fclt\u00fcr merkezleri gibi kamusal mekanlar\u0131n geni\u015fletilmesi, insanlar\u0131n bir araya gelip tart\u0131\u015fabilece\u011fi, kolektif bilin\u00e7 geli\u015ftirebilece\u011fi ortamlar\u0131n desteklenmesi \u00f6nemlidir. Forum, mahalle toplant\u0131lar\u0131, semt bulu\u015fmalar\u0131, a\u00e7\u0131k hava etkinlikleri gibi yollarla, yurtta\u015f kat\u0131l\u0131m\u0131n\u0131 art\u0131racak ve ortak ya\u015fam k\u00fclt\u00fcr\u00fcn\u00fc g\u00fc\u00e7lendirecek ad\u0131mlar atacakt\u0131r. Kamusal alanlar\u0131n demokratikle\u015ftirilmesi, iklim adaleti i\u00e7in halk\u0131n s\u00f6z ve karar s\u00fcre\u00e7lerine etkin kat\u0131l\u0131m\u0131n\u0131n fiziki zemininin yarat\u0131lmas\u0131 anlam\u0131na gelmektedir.<\/li>\n<\/ul>\n\n\n\n<ul class=\"wp-block-list\">\n<li><strong>K\u00fclt\u00fcrel D\u00f6n\u00fc\u015f\u00fcm ve Fark\u0131ndal\u0131k: <\/strong>\u0130klim kriziyle m\u00fccadele, teknik \u00e7\u00f6z\u00fcmlerin \u00f6tesinde bir k\u00fclt\u00fcrel d\u00f6n\u00fc\u015f\u00fcm\u00fc gerektirir. Forum, toplumda iklim bilincinin yayg\u0131nla\u015fmas\u0131n\u0131, do\u011fayla uyumlu ya\u015fam k\u00fclt\u00fcr\u00fcn\u00fcn benimsenmesini ve t\u00fcketim al\u0131\u015fkanl\u0131klar\u0131n\u0131n g\u00f6zden ge\u00e7irilmesini sa\u011flayacak fark\u0131ndal\u0131k \u00e7al\u0131\u015fmalar\u0131n\u0131 misyonunun bir par\u00e7as\u0131 sayar. Bu do\u011frultuda e\u011fitim programlar\u0131, at\u00f6lyeler, paneller, sanat etkinlikleri d\u00fczenlenerek iklim krizine dair toplumsal duyarl\u0131l\u0131\u011f\u0131n art\u0131r\u0131lmas\u0131 hedeflenecektir. Antalya\u2019n\u0131n yerel k\u00fclt\u00fcr\u00fcnde do\u011faya ve eme\u011fe sayg\u0131y\u0131 \u00f6ne \u00e7\u0131karan de\u011ferlerin g\u00f6r\u00fcn\u00fcr k\u0131l\u0131nmas\u0131, iklim m\u00fccadelesinin toplumsal sahiplenilmesini g\u00fc\u00e7lendirecektir. K\u00fclt\u00fcrel d\u00f6n\u00fc\u015f\u00fcm, iklim adaletinin kal\u0131c\u0131 olmas\u0131 i\u00e7in gelecek ku\u015faklara b\u0131rakaca\u011f\u0131m\u0131z en \u00f6nemli miraslardan biridir.<\/li>\n<\/ul>\n\n\n\n<ul class=\"wp-block-list\">\n<li><strong>Kat\u0131l\u0131mc\u0131 Siyaset : <\/strong>\u00a0Forumun misyonlar\u0131ndan biri de kat\u0131l\u0131mc\u0131 demokrasiyi hayata ge\u00e7iren bir siyaset anlay\u0131\u015f\u0131n\u0131 te\u015fvik etmektir. \u0130klim adaleti, y\u00f6netim mekanizmalar\u0131n\u0131n da demokratikle\u015fmesini zorunlu k\u0131lar. Bu kapsamda forum, yerel y\u00f6netimlerin iklim ve \u00e7evre konular\u0131nda halk\u0131n kat\u0131l\u0131m\u0131na a\u00e7\u0131k politikalar geli\u015ftirmesini talep eder. Kent konseyleri, mahalle meclisleri gibi yerel karar organlar\u0131n\u0131n g\u00fc\u00e7lendirilmesi, belediyelerin \u015feffafl\u0131k ve hesap verebilirlik ilkeleriyle hareket etmesi i\u00e7in etkili bir unsur olacakt\u0131r. Forum, ayn\u0131 zamanda merkezi y\u00f6netimin iklim politikalar\u0131nda toplumsal taleplere kulak vermesi gerekti\u011fini savunur. Kat\u0131l\u0131mc\u0131 siyaset, sadece se\u00e7imden se\u00e7ime oy vermeye indirgenmeyen; her d\u00fczeyde yurtta\u015flar\u0131n karar s\u00fcre\u00e7lerine dahil oldu\u011fu bir y\u00f6neti\u015fim modelini hedefler. Antalya\u2019da iklim ve kent politikalar\u0131n\u0131n belirlenmesinde forumun \u00e7\u0131kt\u0131lar\u0131n\u0131n ve halk\u0131n sesinin dikkate al\u0131nmas\u0131 i\u00e7in \u00e7aba g\u00f6sterilecektir. \u0130klim adaleti forumu, yerel bir iklim meclisi i\u015fleviyle ald\u0131\u011f\u0131 kararlar\u0131n ilgili yerel y\u00f6netim meclisinin kabul\u00fc i\u00e7in \u00e7al\u0131\u015f\u0131r. Ald\u0131\u011f\u0131 kararlar\u0131n yerel y\u00f6netimler taraf\u0131ndan tan\u0131nmas\u0131 i\u00e7in yerel y\u00f6netimleri\u00a0 de g\u00f6reve davet eder<\/li>\n<\/ul>\n\n\n\n<ul class=\"wp-block-list\">\n<li><strong>Toplumsal Cinsiyet E\u015fitli\u011fi: <\/strong>\u0130klim adaleti m\u00fccadelesi, toplumsal cinsiyet adaletini de i\u00e7ermek zorundad\u0131r. Kad\u0131nlar, iklim krizinin etkilerini farkl\u0131 ve a\u011f\u0131r ya\u015fayan bir kesimdir; ayn\u0131 zamanda ekoloji m\u00fccadelesinin \u00f6n saflar\u0131nda yer almaktad\u0131r. Forum, iklim politikalar\u0131nda toplumsal cinsiyet perspektifinin olmas\u0131n\u0131, kad\u0131nlar\u0131n karar s\u00fcre\u00e7lerinde etkin rol almas\u0131n\u0131 ve iklim krizinin derinle\u015ftirdi\u011fi toplumsal cinsiyet e\u015fitsizliklerine kar\u015f\u0131 \u00f6zel politikalar geli\u015ftirilmesini savunur. Kad\u0131n eme\u011finin ve bilgisinin g\u00f6r\u00fcn\u00fcr k\u0131l\u0131nd\u0131\u011f\u0131, feminist bir yakla\u015f\u0131m m\u00fccadelenin par\u00e7as\u0131 olacakt\u0131r.<\/li>\n<\/ul>\n\n\n\n<ul class=\"wp-block-list\">\n<li><strong>Hayvan Haklar\u0131<\/strong>\u00a0\u00a0\u00a0\u00a0\u00a0\u00a0\u00a0 <strong>:<\/strong> \u0130klim ve ekolojik kriz, hayvanlar\u0131n ya\u015fam alanlar\u0131n\u0131 daraltmakta ve hak ihlallerine yol a\u00e7maktad\u0131r. Forum, t\u00fcm canl\u0131lar\u0131n ya\u015fam hakk\u0131n\u0131 savunur ve hayvanlar\u0131n ya\u015fam ko\u015fullar\u0131n\u0131 iyile\u015ftirmek, t\u00fcrlerin yok olu\u015funu engellemek i\u00e7in m\u00fccadeleyi \u00f6nemli g\u00f6r\u00fcr. \u0130klim adaleti, insan olmayan canl\u0131lar\u0131n da hakk\u0131n\u0131 koruyan b\u00fct\u00fcnc\u00fcl bir yakla\u015f\u0131m\u0131 gerektirir. Bu kapsamda, vah\u015fi ya\u015fam\u0131n korunmas\u0131, sokak hayvanlar\u0131n\u0131n refah\u0131, end\u00fcstriyel hayvanc\u0131l\u0131\u011f\u0131n ekolojik etkileri gibi konular forumun g\u00fcndeminde olacakt\u0131r.<\/li>\n<\/ul>\n\n\n\n<ul class=\"wp-block-list\">\n<li><strong>Su ve G\u0131da Hakk\u0131 :<\/strong> \u0130klim krizinin en somut etkilerinden biri su kaynaklar\u0131n\u0131n azalmas\u0131 ve g\u0131da g\u00fcvencesinin tehlikeye girmesidir. Forum, su hakk\u0131n\u0131n vazge\u00e7ilmez bir insan hakk\u0131 oldu\u011funu, suyun metala\u015ft\u0131r\u0131lmas\u0131na kar\u015f\u0131 kamusal bir kaynak olarak korunmas\u0131 gerekti\u011fini vurgular. Ayn\u0131 \u015fekilde, herkesin yeterli ve sa\u011fl\u0131kl\u0131 g\u0131daya eri\u015fim hakk\u0131 vard\u0131r; bu da iklim adaletiyle do\u011frudan ili\u015fkilidir. Tar\u0131msal \u00fcretimin iklim dostu y\u00f6ntemlerle s\u00fcrd\u00fcr\u00fclmesi, k\u00fc\u00e7\u00fck \u00e7ift\u00e7ilerin desteklenmesi, yerel tohumlar\u0131n ve geleneksel tar\u0131m bilgelerinin korunmas\u0131 bu ba\u015fl\u0131k alt\u0131nda ele al\u0131nacakt\u0131r. Susuzluk ve g\u0131da krizi riskine kar\u015f\u0131 kentsel ve k\u0131rsal dayan\u0131\u015fma a\u011flar\u0131 kurulacak, g\u0131da egemenli\u011fi ilkesi savunulacakt\u0131r.<\/li>\n<\/ul>\n\n\n\n<ul class=\"wp-block-list\">\n<li><strong>Engelli Haklar\u0131 ve Kapsay\u0131c\u0131l\u0131k :<\/strong> \u0130klim de\u011fi\u015fikli\u011fi, engelli bireyler i\u00e7in de \u00f6zg\u00fcn zorluklar yaratmaktad\u0131r (\u00f6rne\u011fin afet durumlar\u0131nda eri\u015filebilirlik sorunlar\u0131, sa\u011fl\u0131k hizmetlerine eri\u015fim g\u00fc\u00e7l\u00fckleri vb.). Forum, iklim adaleti m\u00fccadelesinin engelli haklar\u0131na duyarl\u0131 olmas\u0131n\u0131, afet planlar\u0131ndan kentsel tasar\u0131ma kadar her alanda engelli bireylerin ihtiya\u00e7lar\u0131n\u0131n g\u00f6zetilmesini talep eder. \u0130klim politikalar\u0131nda \u201ckimseyi geride b\u0131rakmama\u201d ilkesiyle hareket edilmesi, k\u0131r\u0131lgan gruplar\u0131n (engelliler, kronik hastalar vb.) korunmas\u0131 i\u00e7in \u00f6zel \u00f6nlemler al\u0131nmas\u0131 gerekti\u011fi forumca dile getirilmi\u015ftir. M\u00fccadelemiz, toplumsal hayat\u0131n her alan\u0131nda eri\u015filebilirlik ve kapsay\u0131c\u0131l\u0131k sa\u011flanmad\u0131k\u00e7a adaletin tesis edilemeyece\u011fi bilinciyle s\u00fcrd\u00fcr\u00fclecektir.<\/li>\n<\/ul>\n\n\n\n<p>Dolay\u0131s\u0131yla Antalya \u0130klim Adaleti Forumu; kent hakk\u0131, emek hakk\u0131, ekolojik haklar gibi temel haklar\u0131 savunmakta, yeni kamusal alanlar ve k\u00fclt\u00fcrel d\u00f6n\u00fc\u015f\u00fcm yoluyla toplumu iklim m\u00fccadelesine seferber etmeyi ama\u00e7lamakta ve kat\u0131l\u0131mc\u0131 siyaset anlay\u0131\u015f\u0131yla bir s\u00f6z ve pratik ortaya koymay\u0131 hedeflemektedir. Bu misyon, Antalya \u00f6zelinden yola \u00e7\u0131karak \u00fclke geneline ve k\u00fcresel d\u00fczleme \u00f6rnek te\u015fkil edebilecek bir adalet m\u00fccadelesi modeli ortaya koyma arzusunu da bar\u0131nd\u0131rmaktad\u0131r.<\/p>\n\n\n\n<h2 class=\"wp-block-heading\"><strong>Dayan\u0131\u015fma ve Ulusal\/Uluslararas\u0131 Zemin<\/strong><\/h2>\n\n\n\n<p><strong>18.<\/strong> \u0130klim krizi k\u00fcresel bir sorun oldu\u011fu kadar, \u00e7\u00f6z\u00fcm\u00fc de k\u00fcresel dayan\u0131\u015fmay\u0131 gerektirmektedir. Antalya \u0130klim Adaleti Forumu, yerel m\u00fccadeleyi k\u00fcresel iklim adaleti m\u00fccadelesinin ba\u011f\u0131ms\u0131z bir par\u00e7as\u0131 olarak g\u00f6rmekte ve bu zeminde uluslararas\u0131 dayan\u0131\u015fmay\u0131 b\u00fcy\u00fctmeyi ama\u00e7lamaktad\u0131r. Bu do\u011frultuda, forumumuz d\u00fcnyan\u0131n d\u00f6rt bir yan\u0131ndaki iklim adaleti hareketleriyle, \u00e7evre m\u00fccadeleleriyle ve halk inisiyatifleriyle ili\u015fki kurmaya \u00f6nem verecektir. K\u00fcresel iklim adaleti a\u011flar\u0131na Antalya\u2019dan aktif kat\u0131l\u0131m sa\u011flanacak; bilgi ve deneyim payla\u015f\u0131m\u0131 yap\u0131lacakt\u0131r. Amac\u0131m\u0131z, Antalya\u2019n\u0131n yerel sorunlar\u0131n\u0131 d\u00fcnya g\u00fcndemine ta\u015f\u0131rken, ba\u015fka co\u011frafyalardaki ba\u015far\u0131l\u0131 m\u00fccadele deneyimlerinden de \u00f6\u011frenmektir. \u0130klim krizinin s\u0131n\u0131r tan\u0131mad\u0131\u011f\u0131 ger\u00e7e\u011finden hareketle, yerelden k\u00fcresele uzanan bir m\u00fccadele hatt\u0131 kurulmas\u0131 gerekti\u011fine inan\u0131yoruz.<\/p>\n\n\n\n<p><strong>19. <\/strong>\u00d6n\u00fcm\u00fczdeki s\u00fcre\u00e7te Antalya, 2026 y\u0131l\u0131nda Birle\u015fmi\u015f Milletler \u0130klim De\u011fi\u015fikli\u011fi Taraflar Konferans\u0131\u2019na (COP31) ev sahipli\u011fi yapacakt\u0131r. Forumumuz, nihai ama\u00e7 salt olarak bu olmamakla birlikte COP31 resmi m\u00fczakere s\u00fcrecinin \u00f6tesinde, halk\u0131n kat\u0131l\u0131m\u0131na dayal\u0131 alternatif s\u00fcre\u00e7lerin \u00f6rg\u00fctlenmesi vizyonunu da ta\u015f\u0131maktad\u0131r. Bu \u00e7er\u00e7evede, COP31 \u00f6ncesinde ve s\u0131ras\u0131nda halk temelli yan etkinlikler, zirveler ve forumlar d\u00fczenlenmesi hedeflenmektedir. Antalya \u0130klim Adaleti Forumu, COP31\u2019i halk\u0131n k\u00fcrs\u00fcs\u00fcne d\u00f6n\u00fc\u015ft\u00fcrme amac\u0131 g\u00fctmektedir. Yani, yaln\u0131zca devlet liderlerinin ve b\u00fcrokratlar\u0131n konu\u015ftu\u011fu kapal\u0131 kap\u0131lar ard\u0131ndaki oturumlar\u0131 beklemek yerine, d\u00fcnyan\u0131n d\u00f6rt bir yan\u0131ndan gelen aktivistlerin, yerel halk\u0131n, gen\u00e7lerin ve dezavantajl\u0131 gruplar\u0131n s\u00f6z alabilece\u011fi a\u00e7\u0131k bulu\u015fmalar organize edilecektir. Bu sayede Antalya, COP31 s\u00fcrecinde iklim adaletinin ger\u00e7ek anlamda tart\u0131\u015f\u0131ld\u0131\u011f\u0131, halk\u0131n sesinin duyuldu\u011fu uluslararas\u0131 bir arena haline gelebilecek niteliktedir.<\/p>\n\n\n\n<p><strong>20.<\/strong> Dayan\u0131\u015fma perspektifi yaln\u0131zca uluslararas\u0131 d\u00fczeyle s\u0131n\u0131rl\u0131 olmay\u0131p; ulusal \u00f6l\u00e7ekte de iklim adaleti m\u00fccadelesinin yayg\u0131nla\u015fmas\u0131 ama\u00e7lanmaktad\u0131r. Forum, T\u00fcrkiye\u2019nin farkl\u0131 \u015fehirlerinde ve b\u00f6lgelerinde benzer sorunlar i\u00e7in m\u00fccadele eden platformlarla dayan\u0131\u015fma i\u00e7inde olacakt\u0131r. Ba\u015fka illerde kurulmu\u015f veya kurulacak iklim adaleti forumlar\u0131, ekoloji meclisleri ve \u00e7evre platformlar\u0131yla ileti\u015fim a\u011flar\u0131 olu\u015fturulacakt\u0131r. \u0130klim krizi kar\u015f\u0131s\u0131nda \u00fclke genelinde ortak bir tav\u0131r geli\u015ftirmek, yerel m\u00fccadeleleri birle\u015ftirmek ve merkezi otoritelere g\u00fc\u00e7l\u00fc bir toplumsal mesaj vermek i\u00e7in ulusalla\u015fma y\u00f6n\u00fcnde ad\u0131mlar at\u0131lacakt\u0131r. Antalya\u2019da ortaya \u00e7\u0131kan bu forum deneyiminin, T\u00fcrkiye\u2019nin di\u011fer kentlerinde de \u00f6rnek al\u0131nmas\u0131 ve \u00e7o\u011falmas\u0131 te\u015fvik edilecektir. \u0130klim adaleti talebinin bir \u015fehirle s\u0131n\u0131rl\u0131 kalmay\u0131p t\u00fcm toplum i\u00e7in kolektif bir talep haline gelmesi \u00f6nem arz etmektedir.<\/p>\n\n\n\n<p><strong>21. <\/strong>Uluslararas\u0131 alanda ise, forumumuz iklim adaletinin evrensel ilkelerini savunarak k\u00fcresel m\u00fczakere s\u00fcre\u00e7lerinde halk\u0131n taleplerini duyurmay\u0131 g\u00f6rev bilecektir. COP31\u2019e giden s\u00fcre\u00e7te ortak kampanyalar ve toplant\u0131larla bu payla\u015f\u0131m\u0131n yap\u0131lmas\u0131 hedeflenmektedir. Ayr\u0131ca, Akdeniz co\u011frafyas\u0131nda benzer \u00e7evresel sorunlar\u0131 ya\u015fayan kentlerle (\u00f6rne\u011fin orman yang\u0131nlar\u0131, su krizi gibi konularda) ikili veya \u00e7oklu dayan\u0131\u015fma ili\u015fkileri kurulacakt\u0131r. Antalya, bir Akdeniz kenti olarak, iklim krizinin bu b\u00f6lgedeki etkilerine kar\u015f\u0131 b\u00f6lgesel dayan\u0131\u015fma a\u011flar\u0131nda aktif rol oynayacakt\u0131r.<\/p>\n\n\n\n<p><strong>22. <\/strong>Bu anlamda Antalya \u0130klim Adaleti Forumu kendini ne yaln\u0131zca yerel bir giri\u015fim olarak g\u00f6rmekte, ne de yaln\u0131zca ulusal bir platformla s\u0131n\u0131rlamaktad\u0131r. Hedefimiz, yerel m\u00fccadelemizi ulusal ve uluslararas\u0131 boyutla birle\u015ftirerek \u00e7ok \u00f6l\u00e7ekli bir iklim adaleti hareketinin par\u00e7as\u0131 olmakt\u0131r. Bu dayan\u0131\u015fmac\u0131 yakla\u015f\u0131m sayesinde, bir yandan Antalya\u2019n\u0131n s\u00f6z\u00fcn\u00fc k\u00fcresel iklim m\u00fccadelesine katacak, di\u011fer yandan d\u00fcnyadaki iyi \u00f6rnekleri Antalya\u2019ya ta\u015f\u0131yaca\u011f\u0131z. \u0130klim krizine kar\u015f\u0131 k\u00fcresel dayan\u0131\u015fma ruhu, forumumuzun temel prensiplerinden biridir.<\/p>\n\n\n\n<h2 class=\"wp-block-heading\"><strong>Gelecek Planlamas\u0131 ve Yol Haritas\u0131<\/strong><\/h2>\n\n\n\n<p><strong>23. <\/strong>Antalya \u0130klim Adaleti Forumu, bir tek toplant\u0131yla s\u0131n\u0131rl\u0131 kalmay\u0131p s\u00fcreklili\u011fi olan bir harekete d\u00f6n\u00fc\u015fmeyi hedeflemektedir. Bu do\u011frultuda, forumda gelece\u011fe y\u00f6nelik somut planlar ve \u00f6neriler geli\u015ftirilmi\u015ftir. Gelecek planlamam\u0131z, Antalya\u2019n\u0131n her k\u00f6\u015fesine yay\u0131lan ve tabana dayal\u0131 bir \u00f6rg\u00fctlenme modeli in\u015fa etmeyi, ayn\u0131 zamanda belirli bir eylem plan\u0131 \u00e7er\u00e7evesinde ad\u0131m ad\u0131m ilerlemeyi \u00f6ng\u00f6rmektedir:<\/p>\n\n\n\n<ul class=\"wp-block-list\">\n<li><strong>Forumlar\u0131n \u0130l\u00e7elere Yay\u0131lmas\u0131: <\/strong>Antalya merkeziyle s\u0131n\u0131rl\u0131 kalmamak ad\u0131na, kentin farkl\u0131 il\u00e7elerinde de iklim adaleti forumlar\u0131n\u0131n d\u00fczenlenmesi kararla\u015ft\u0131r\u0131lm\u0131\u015ft\u0131r. Her bir il\u00e7ede, o b\u00f6lgenin \u00f6zg\u00fcn \u00e7evre sorunlar\u0131n\u0131 ve toplumsal ihtiya\u00e7lar\u0131n\u0131 g\u00fcndeme ta\u015f\u0131yacak yerel forumlar\/\u00e7al\u0131\u015ftaylar yap\u0131lacakt\u0131r. \u00d6rne\u011fin, k\u0131y\u0131 il\u00e7elerinde turizm ve k\u0131y\u0131 tahribat\u0131, i\u00e7 kesimlerde tar\u0131m ve su sorunlar\u0131, yaylalarda orman ve mera sorunlar\u0131 gibi konular, ilgili il\u00e7elerdeki halk bulu\u015fmalar\u0131nda tart\u0131\u015f\u0131lacakt\u0131r. Bu il\u00e7e forumlar\u0131ndan \u00e7\u0131kan tespit ve \u00f6neriler, Antalya genelinin iklim adaleti program\u0131na katk\u0131 sunacakt\u0131r. B\u00f6ylece, yerelden genele \u00f6rg\u00fctlenen bir a\u011f yap\u0131s\u0131 kurulacakt\u0131r.<\/li>\n<\/ul>\n\n\n\n<ul class=\"wp-block-list\">\n<li><strong>Mahallelerde \u00c7al\u0131\u015fma Gruplar\u0131: <\/strong>Forum, en k\u00fc\u00e7\u00fck yerel birimler olan mahallelerde dahi \u00f6rg\u00fctlenmeyi \u00f6n\u00fcne koymaktad\u0131r. Her mahallede, g\u00f6n\u00fcll\u00fc mahalle sakinlerinden olu\u015fan iklim adaleti \u00e7al\u0131\u015fma gruplar\u0131 te\u015fkil edilmesi planlanmaktad\u0131r. Bu gruplar, bulunduklar\u0131 mahallede hem fark\u0131ndal\u0131k yaratma (kom\u015fulara iklim krizi ve al\u0131nabilecek \u00f6nlemler konusunda bilgi aktarma, at\u0131k ayr\u0131\u015ft\u0131rma, enerji tasarrufu uygulamalar\u0131n\u0131 te\u015fvik etme gibi) hem de yerel sorunlar\u0131 tespit edip \u00fcst forumlara iletme g\u00f6revini \u00fcstlenecektir. Mahalle d\u00fczeyinde ba\u015flayacak bu \u00f6rg\u00fctlenme, halk\u0131n ya\u015fad\u0131\u011f\u0131 yerde s\u00f6z sahibi olmas\u0131n\u0131 sa\u011flayacak ve iklim adaleti bilincini tabana yayacakt\u0131r. Ayr\u0131ca mahalle \u00e7al\u0131\u015fma gruplar\u0131, acil durumlarda (\u00f6rne\u011fin sel, yang\u0131n gibi afetlerde) mahalle dayan\u0131\u015fmas\u0131n\u0131 organize ederek dayan\u0131kl\u0131 topluluklar olu\u015fturman\u0131n \u00e7ekirde\u011fini te\u015fkil edecektir.<\/li>\n<\/ul>\n\n\n\n<ul class=\"wp-block-list\">\n<li><strong>A\u00e7\u0131k Toplant\u0131lar ve Kitle Kat\u0131l\u0131m\u0131: <\/strong>Forum s\u00fcrecinin \u015feffaf ve herkesin kat\u0131l\u0131m\u0131na a\u00e7\u0131k olmas\u0131 temel ilkemizdir. Bu nedenle, d\u00fczenli aral\u0131klarla a\u00e7\u0131k forumlar ve genel toplant\u0131lar yap\u0131lmaya devam edilecektir. Bu toplant\u0131lar, al\u0131nan yolun de\u011ferlendirilmesi, yeni \u00f6nerilerin sunulmas\u0131 ve g\u00f6rev payla\u015f\u0131m\u0131n\u0131n yap\u0131lmas\u0131 i\u00e7in f\u0131rsat olacakt\u0131r. Hi\u00e7bir kat\u0131l\u0131mc\u0131n\u0131n d\u0131\u015flanmad\u0131\u011f\u0131, isteyen herkesin katk\u0131 sunabildi\u011fi bu a\u00e7\u0131k toplant\u0131lar sayesinde hareketimizin me\u015fruiyeti ve dinamizmi korunacakt\u0131r. Ayr\u0131ca, ilerleyen aylarda daha geni\u015f kitlelerin dahil olmas\u0131n\u0131 sa\u011flamak i\u00e7in mahalle baz\u0131nda forum tan\u0131t\u0131m etkinlikleri, gen\u00e7lik bulu\u015fmalar\u0131, \u00f6\u011frenci forumlar\u0131 gibi \u00e7e\u015fitli y\u00f6ntemlere ba\u015fvurulacakt\u0131r. Kitleselle\u015fme, forumun kal\u0131c\u0131 ve etkili olabilmesi i\u00e7in vazge\u00e7ilmez bir unsurdur.<\/li>\n<\/ul>\n\n\n\n<ul class=\"wp-block-list\">\n<li><strong>Eylem Plan\u0131 ve Program \u0130n\u015fas\u0131: <\/strong>Forumda ortaya konan fikirler, ele\u015ftiriler ve \u00f6neriler do\u011frultusunda, bir \u0130klim Adaleti Eylem Plan\u0131 haz\u0131rlanmas\u0131na ba\u015flanm\u0131\u015ft\u0131r. Bu eylem plan\u0131, k\u0131sa vadeli, orta vadeli ve uzun vadeli hedefler ile bunlara ula\u015fmak i\u00e7in yap\u0131lacak somut faaliyetleri i\u00e7erecektir. Bu eylem plan\u0131, komisyon \u00e7al\u0131\u015fmalar\u0131 temelinde \u015fekillenen t\u00fcm bile\u015fenlerin katk\u0131s\u0131yla olu\u015fturulan ya\u015fayan bir belge olacakt\u0131r ve ilerlemeye g\u00f6re g\u00fcncellenecektir. Bununla birlikte, forumun uzun erimli vizyonunu yans\u0131tan bir \u0130klim Adaleti Program\u0131 da in\u015fa edilmektedir. Bu program, Antalya i\u00e7in iklim adaleti perspektifiyle \u00f6nerilen politikalar\u0131n, taleplerin ve ilkelerin b\u00fct\u00fcnc\u00fcl bir belgesi olacakt\u0131r. Kent hakk\u0131ndan enerji politikalar\u0131na, tar\u0131mdan turizme kadar farkl\u0131 alanlarda nas\u0131l bir d\u00f6n\u00fc\u015f\u00fcm \u00f6ng\u00f6rd\u00fc\u011f\u00fcm\u00fcz\u00fc ortaya koyan bu program, Antalya\u2019dan in\u015fa edilen iklim adaleti manifestosu niteli\u011finde olacakt\u0131r.<\/li>\n<\/ul>\n\n\n\n<ul class=\"wp-block-list\">\n<li><strong>\u0130kinci Bulu\u015fma ve Devaml\u0131l\u0131k: <\/strong>28.01.2026 tarihinde ger\u00e7ekle\u015fen ilk forum toplant\u0131s\u0131, bir ba\u015flang\u0131\u00e7 niteli\u011findedir. Forum kat\u0131l\u0131mc\u0131lar\u0131, bir sonraki geni\u015f kat\u0131l\u0131ml\u0131 bulu\u015fmay\u0131 en k\u0131sa s\u00fcrede hayata ge\u00e7irmek konusunda fikir birli\u011fine varm\u0131\u015flard\u0131r. Bir sonraki toplant\u0131n\u0131n, \u00e7ok daha geni\u015f kat\u0131l\u0131m sa\u011flanarak tam kat\u0131l\u0131m esas\u0131na g\u00f6re yap\u0131lmas\u0131 hedeflenmektedir. Bu ikinci bulu\u015fmaya kadar ge\u00e7en s\u00fcrede sekreterya ve \u00e7al\u0131\u015fma gruplar\u0131 aktif faaliyet y\u00fcr\u00fcterek kolayla\u015ft\u0131rma misyonunu devam ettirecektir. Devaml\u0131l\u0131\u011f\u0131 olan, kendini yenileyebilen bir forum s\u00fcreci ama\u00e7lanmaktad\u0131r. Y\u0131l i\u00e7erisinde belirli periyotlarla toplanacak forum genel kurullar\u0131 sayesinde kararlar g\u00f6zden ge\u00e7irilecek, stratejiler g\u00fcncellenecek ve ihtiya\u00e7 duyulan yeni inisiyatifler ba\u015flat\u0131lacakt\u0131r. B\u00f6ylece Antalya \u0130klim Adaleti Forumu, ge\u00e7ici bir etkinlik olman\u0131n \u00f6tesine ge\u00e7erek kal\u0131c\u0131 bir \u00f6rg\u00fctlenme ve karar mekanizmas\u0131 h\u00fcviyetine kavu\u015facakt\u0131r.<\/li>\n<\/ul>\n\n\n\n<h2 class=\"wp-block-heading\"><strong>SONU\u00c7 : Kat\u0131l\u0131mc\u0131 Demokrasiyle \u0130klim Adaleti M\u00fccadelesine \u00c7a\u011fr\u0131<\/strong><\/h2>\n\n\n\n<p>24. Bu sonu\u00e7 bildirgesi, Antalya \u0130klim Adaleti Forumu\u2019nun ortak ak\u0131l ve iradesinin bir \u00fcr\u00fcn\u00fcd\u00fcr. Metnin haz\u0131rlan\u0131\u015f s\u00fcrecinde, forum bile\u015fenlerinin tamam\u0131 do\u011frudan veya dolayl\u0131 olarak katk\u0131 sunmu\u015f; g\u00f6r\u00fc\u015f ve \u00f6nerilerini payla\u015fm\u0131\u015ft\u0131r. Kolektif yaz\u0131m s\u00fcreci, forumun benimsedi\u011fi demokratik ve kat\u0131l\u0131mc\u0131 k\u00fclt\u00fcr\u00fcn bir yans\u0131mas\u0131d\u0131r. Hi\u00e7bir merkezi otoritenin veya dar bir kurulun dikte etti\u011fi \u201chaz\u0131r re\u00e7etelere\u201d dayanmadan, aksine tabandan gelen fikirlerle \u015fekillenen bu bildirge, m\u00fccadelemizin yol haritas\u0131n\u0131 ve ilkelerini ortaya koymaktad\u0131r. Bu yakla\u015f\u0131m, iklim krizi gibi karma\u015f\u0131k bir soruna kar\u015f\u0131 dayan\u0131\u015fma i\u00e7inde, ortak ak\u0131lla hareket etmenin \u00f6nemine inanc\u0131m\u0131z\u0131n ifadesidir.<\/p>\n\n\n\n<p><strong>25. <\/strong>Antalya \u0130klim Adaleti Forumu, merkeziyet\u00e7i ve tepeden inme y\u00f6ntemlere kar\u015f\u0131 taban demokrasisini savunur. Kentimizi ve gezegenimizi ilgilendiren b\u00f6ylesi hayati bir konuda kararlar birka\u00e7 &nbsp;kurum veya ki\u015finin de\u011fil, bizatihi o kentte ya\u015fayanlar\u0131n ve o gezegende nefes alanlar\u0131n kat\u0131l\u0131m\u0131yla al\u0131nmal\u0131d\u0131r. Forum boyunca defalarca dile getirilen \u201ckararlar\u0131 kapal\u0131 kap\u0131lar ard\u0131nda birka\u00e7 ki\u015fi de\u011fil, halk\u0131n kendisi almal\u0131d\u0131r\u201d d\u00fc\u015f\u00fcncesi, sonu\u00e7 bildirgemizin temel perspektifini ifade etmektedir. Bu nedenle, forumumuz her t\u00fcrl\u00fc ele\u015ftiri, \u00f6neri ve katk\u0131ya a\u00e7\u0131kt\u0131r. Bildirgede ortaya konan ilke ve hedefler zamanla geli\u015febilir, yeni fikirlerle zenginle\u015febilir. \u00d6nemli olan, ortak hedefimizin iklim adaletini sa\u011flamak ve daha ya\u015fanabilir bir Antalya ve d\u00fcnya yaratmak oldu\u011fudur. Bu ortak hedef do\u011frultusunda y\u00f6ntemlerimizi de demokratik kat\u0131l\u0131m ile s\u00fcrekli g\u00f6zden ge\u00e7irmeye ve iyile\u015ftirmeye haz\u0131r\u0131z.<\/p>\n\n\n\n<p><strong>26. <\/strong>Sonu\u00e7 bildirgemiz ayn\u0131 zamanda geni\u015f kitlelere y\u00f6nelik bir \u00e7a\u011fr\u0131 niteli\u011fi ta\u015f\u0131maktad\u0131r. Antalya\u2019da ya\u015fayan herkesi \u2013i\u015f\u00e7ileri, \u00e7ift\u00e7ileri, gen\u00e7leri, kad\u0131nlar\u0131, esnaflar\u0131, emeklileri, \u00f6\u011frencileri, engellileri, yerli halklar\u0131, g\u00f6\u00e7menleri\u2013 k\u0131sacas\u0131 bu kentin ve gezegenin gelece\u011finden endi\u015fe duyan t\u00fcm birey ve kesimleri iklim adaleti m\u00fccadelesine kat\u0131lmaya davet ediyoruz. Bu \u00e7a\u011fr\u0131, sadece Antalya ile de s\u0131n\u0131rl\u0131 de\u011fildir: \u00dclkemizin ve d\u00fcnyan\u0131n d\u00f6rt bir yan\u0131nda iklim i\u00e7in adalet arayan t\u00fcm karde\u015flerimize dayan\u0131\u015fma elimizi uzat\u0131yoruz. M\u00fccadelemiz k\u00fcreseldir, \u00e7\u00fcnk\u00fc gezegen hepimizin ortak evidir.<\/p>\n\n\n\n<p>\u015eimdi dayan\u0131\u015fma zaman\u0131d\u0131r, \u015fimdi harekete ge\u00e7me zaman\u0131d\u0131r.<\/p>\n\n\n\n<p>Antalya \u0130klim Adaleti Forumu, t\u00fcm duyarl\u0131 kesimleri omuz omuza vermeye, kentimizi ve d\u00fcnyam\u0131z\u0131 iklim adaletine kavu\u015fturmak i\u00e7in birlikte y\u00fcr\u00fcmeye \u00e7a\u011f\u0131rmaktad\u0131r.<\/p>\n\n\n\n<p>Gelece\u011fimizi hep birlikte kazanabiliriz \u2013 adil, \u00f6zg\u00fcr ve temiz bir gelecek ellerimizde \u015fekillensin!<\/p>\n\n\n\n<p><strong>\u0130klim Adaleti Forumu Sekreteryas\u0131 <\/strong>&nbsp;<\/p>\n\n\n\n<p><\/p>\n","protected":false},"excerpt":{"rendered":"<p>&nbsp;Gelecek Ellerimizde..&nbsp; Umudu Birlikte Ye\u015fertiyoruz.. Antalya \u0130klim Adaleti Forumu 28.01.2026 tarihinde Antalya Barosu\u2019nun \u00e7a\u011fr\u0131s\u0131 ve ev sahipli\u011fi ile&nbsp; 17 dernek ve insiyatif, 5 siyasi parti, 5 sendika, 5 meslek odas\u0131, Kent Konseyi ve bir k\u0131s\u0131m yerel y\u00f6netim temsilcileri ile toplanm\u0131\u015ft\u0131r. Toplant\u0131n\u0131n ilk b\u00f6l\u00fcm\u00fcnde Antalya Barosu Ba\u015fkan\u0131 Av. Ali \u00c7a\u011fda\u015f Bozaner a\u00e7\u0131l\u0131\u015f konu\u015fmas\u0131 ger\u00e7ekle\u015ftirmi\u015ftir. Akabinde Antalya&#8230;<\/p>\n","protected":false},"author":3,"featured_media":325,"comment_status":"closed","ping_status":"open","sticky":false,"template":"","format":"standard","meta":{"magazine_newspaper_sidebar_layout":"","footnotes":""},"categories":[7],"tags":[38],"class_list":["post-324","post","type-post","status-publish","format-standard","has-post-thumbnail","hentry","category-cevre-haberleri","tag-antalyabarosu"],"_links":{"self":[{"href":"https:\/\/temizcevre.org\/index.php?rest_route=\/wp\/v2\/posts\/324","targetHints":{"allow":["GET"]}}],"collection":[{"href":"https:\/\/temizcevre.org\/index.php?rest_route=\/wp\/v2\/posts"}],"about":[{"href":"https:\/\/temizcevre.org\/index.php?rest_route=\/wp\/v2\/types\/post"}],"author":[{"embeddable":true,"href":"https:\/\/temizcevre.org\/index.php?rest_route=\/wp\/v2\/users\/3"}],"replies":[{"embeddable":true,"href":"https:\/\/temizcevre.org\/index.php?rest_route=%2Fwp%2Fv2%2Fcomments&post=324"}],"version-history":[{"count":2,"href":"https:\/\/temizcevre.org\/index.php?rest_route=\/wp\/v2\/posts\/324\/revisions"}],"predecessor-version":[{"id":330,"href":"https:\/\/temizcevre.org\/index.php?rest_route=\/wp\/v2\/posts\/324\/revisions\/330"}],"wp:featuredmedia":[{"embeddable":true,"href":"https:\/\/temizcevre.org\/index.php?rest_route=\/wp\/v2\/media\/325"}],"wp:attachment":[{"href":"https:\/\/temizcevre.org\/index.php?rest_route=%2Fwp%2Fv2%2Fmedia&parent=324"}],"wp:term":[{"taxonomy":"category","embeddable":true,"href":"https:\/\/temizcevre.org\/index.php?rest_route=%2Fwp%2Fv2%2Fcategories&post=324"},{"taxonomy":"post_tag","embeddable":true,"href":"https:\/\/temizcevre.org\/index.php?rest_route=%2Fwp%2Fv2%2Ftags&post=324"}],"curies":[{"name":"wp","href":"https:\/\/api.w.org\/{rel}","templated":true}]}}